{"id":1690,"date":"2025-10-05T09:00:00","date_gmt":"2025-10-05T07:00:00","guid":{"rendered":"https:\/\/www.enerkom-plzensko.cz\/?p=1690"},"modified":"2025-10-12T12:20:00","modified_gmt":"2025-10-12T10:20:00","slug":"uz-2-roky-enerkom-plzensko-spojuje-lidi-nejen-sdilenou-energii-pripomente-si-co-jsme-zatim-zvladli","status":"publish","type":"post","link":"https:\/\/www.enerkom-plzensko.cz\/index.php\/2025\/10\/05\/uz-2-roky-enerkom-plzensko-spojuje-lidi-nejen-sdilenou-energii-pripomente-si-co-jsme-zatim-zvladli\/","title":{"rendered":"U\u017e 2 roky ENERKOM Plze\u0148sko spojuje lidi nejen sd\u00edlenou energi\u00ed. P\u0159ipome\u0148te si, co jsme zat\u00edm zvl\u00e1dli."},"content":{"rendered":"\t\t<div data-elementor-type=\"wp-post\" data-elementor-id=\"1690\" class=\"elementor elementor-1690\" data-elementor-settings=\"{&quot;element_pack_global_tooltip_width&quot;:{&quot;unit&quot;:&quot;px&quot;,&quot;size&quot;:&quot;&quot;,&quot;sizes&quot;:[]},&quot;element_pack_global_tooltip_width_tablet&quot;:{&quot;unit&quot;:&quot;px&quot;,&quot;size&quot;:&quot;&quot;,&quot;sizes&quot;:[]},&quot;element_pack_global_tooltip_width_mobile&quot;:{&quot;unit&quot;:&quot;px&quot;,&quot;size&quot;:&quot;&quot;,&quot;sizes&quot;:[]},&quot;element_pack_global_tooltip_padding&quot;:{&quot;unit&quot;:&quot;px&quot;,&quot;top&quot;:&quot;&quot;,&quot;right&quot;:&quot;&quot;,&quot;bottom&quot;:&quot;&quot;,&quot;left&quot;:&quot;&quot;,&quot;isLinked&quot;:true},&quot;element_pack_global_tooltip_padding_tablet&quot;:{&quot;unit&quot;:&quot;px&quot;,&quot;top&quot;:&quot;&quot;,&quot;right&quot;:&quot;&quot;,&quot;bottom&quot;:&quot;&quot;,&quot;left&quot;:&quot;&quot;,&quot;isLinked&quot;:true},&quot;element_pack_global_tooltip_padding_mobile&quot;:{&quot;unit&quot;:&quot;px&quot;,&quot;top&quot;:&quot;&quot;,&quot;right&quot;:&quot;&quot;,&quot;bottom&quot;:&quot;&quot;,&quot;left&quot;:&quot;&quot;,&quot;isLinked&quot;:true},&quot;element_pack_global_tooltip_border_radius&quot;:{&quot;unit&quot;:&quot;px&quot;,&quot;top&quot;:&quot;&quot;,&quot;right&quot;:&quot;&quot;,&quot;bottom&quot;:&quot;&quot;,&quot;left&quot;:&quot;&quot;,&quot;isLinked&quot;:true},&quot;element_pack_global_tooltip_border_radius_tablet&quot;:{&quot;unit&quot;:&quot;px&quot;,&quot;top&quot;:&quot;&quot;,&quot;right&quot;:&quot;&quot;,&quot;bottom&quot;:&quot;&quot;,&quot;left&quot;:&quot;&quot;,&quot;isLinked&quot;:true},&quot;element_pack_global_tooltip_border_radius_mobile&quot;:{&quot;unit&quot;:&quot;px&quot;,&quot;top&quot;:&quot;&quot;,&quot;right&quot;:&quot;&quot;,&quot;bottom&quot;:&quot;&quot;,&quot;left&quot;:&quot;&quot;,&quot;isLinked&quot;:true}}\" data-elementor-post-type=\"post\">\n\t\t\t\t<div class=\"elementor-element elementor-element-2fc606f2 e-flex e-con-boxed e-con e-parent\" data-id=\"2fc606f2\" data-element_type=\"container\" data-e-type=\"container\">\n\t\t\t\t\t<div class=\"e-con-inner\">\n\t\t<div class=\"elementor-element elementor-element-38ba574 e-con-full e-flex e-con e-child\" data-id=\"38ba574\" data-element_type=\"container\" data-e-type=\"container\">\n\t\t<div class=\"elementor-element elementor-element-3629977 e-con-full e-flex e-con e-child\" data-id=\"3629977\" data-element_type=\"container\" data-e-type=\"container\">\n\t\t<div class=\"elementor-element elementor-element-cd72835 e-con-full e-flex e-con e-child\" data-id=\"cd72835\" data-element_type=\"container\" data-e-type=\"container\">\n\t\t\t\t<div class=\"elementor-element elementor-element-41b7993 elementor-widget elementor-widget-theme-post-title elementor-page-title elementor-widget-heading\" data-id=\"41b7993\" data-element_type=\"widget\" data-e-type=\"widget\" data-widget_type=\"theme-post-title.default\">\n\t\t\t\t<div class=\"elementor-widget-container\">\n\t\t\t\t\t<h1 class=\"elementor-heading-title elementor-size-default\">U\u017e 2 roky ENERKOM Plze\u0148sko spojuje lidi nejen sd\u00edlenou energi\u00ed. P\u0159ipome\u0148te si, co jsme zat\u00edm zvl\u00e1dli.<\/h1>\t\t\t\t<\/div>\n\t\t\t\t<\/div>\n\t\t\t\t<div class=\"elementor-element elementor-element-0e1e63b elementor-widget elementor-widget-image\" data-id=\"0e1e63b\" data-element_type=\"widget\" data-e-type=\"widget\" data-widget_type=\"image.default\">\n\t\t\t\t<div class=\"elementor-widget-container\">\n\t\t\t\t\t\t\t\t\t\t\t\t\t\t\t<img decoding=\"async\" width=\"88\" height=\"6\" src=\"https:\/\/www.enerkom-plzensko.cz\/wp-content\/uploads\/2025\/08\/gfx_nadpis-3.png\" class=\"attachment-large size-large wp-image-297\" alt=\"\" \/>\t\t\t\t\t\t\t\t\t\t\t\t\t\t\t<\/div>\n\t\t\t\t<\/div>\n\t\t\t\t<div class=\"elementor-element elementor-element-b2931e8 elementor-widget elementor-widget-text-editor\" data-id=\"b2931e8\" data-element_type=\"widget\" data-e-type=\"widget\" data-widget_type=\"text-editor.default\">\n\t\t\t\t<div class=\"elementor-widget-container\">\n\t\t\t\t\t\t\t\t\t<p><b>V\u00edte, \u017ee dnes jsou to pr\u00e1v\u011b 2 roky, co jsme zalo\u017eili ENERKOM Plze\u0148sko? \u0158ekli jsme si tehdy, \u017ee nen\u00ed na co \u010dekat, a komunitn\u00ed energetika je zp\u016fsob, jak n\u00e1\u0161 region rozv\u00edjet ekonomicky a p\u0159itom d\u011blat i n\u011bco pro p\u0159\u00edrodu. Za ty uplynul\u00e9 roky jsme toho leccos stihli, tak budeme r\u00e1di, kdy\u017e si s n\u00e1mi p\u0159ipomenete v\u00fdznamn\u00e9 ud\u00e1losti.<\/b><\/p>\t\t\t\t\t\t\t\t<\/div>\n\t\t\t\t<\/div>\n\t\t\t\t<div class=\"elementor-element elementor-element-cb80187 elementor-widget elementor-widget-image\" data-id=\"cb80187\" data-element_type=\"widget\" data-e-type=\"widget\" data-widget_type=\"image.default\">\n\t\t\t\t<div class=\"elementor-widget-container\">\n\t\t\t\t\t\t\t\t\t\t\t\t\t\t\t<img fetchpriority=\"high\" decoding=\"async\" width=\"800\" height=\"450\" src=\"https:\/\/www.enerkom-plzensko.cz\/wp-content\/uploads\/2025\/10\/Presstrip-1024x576.jpg\" class=\"attachment-large size-large wp-image-1738\" alt=\"\" srcset=\"https:\/\/www.enerkom-plzensko.cz\/wp-content\/uploads\/2025\/10\/Presstrip-1024x576.jpg 1024w, https:\/\/www.enerkom-plzensko.cz\/wp-content\/uploads\/2025\/10\/Presstrip-300x169.jpg 300w, https:\/\/www.enerkom-plzensko.cz\/wp-content\/uploads\/2025\/10\/Presstrip-768x432.jpg 768w, https:\/\/www.enerkom-plzensko.cz\/wp-content\/uploads\/2025\/10\/Presstrip-1536x864.jpg 1536w, https:\/\/www.enerkom-plzensko.cz\/wp-content\/uploads\/2025\/10\/Presstrip.jpg 1800w\" sizes=\"(max-width: 800px) 100vw, 800px\" \/>\t\t\t\t\t\t\t\t\t\t\t\t\t\t\t<\/div>\n\t\t\t\t<\/div>\n\t\t\t\t<div class=\"elementor-element elementor-element-6237525 elementor-widget elementor-widget-text-editor\" data-id=\"6237525\" data-element_type=\"widget\" data-e-type=\"widget\" data-widget_type=\"text-editor.default\">\n\t\t\t\t<div class=\"elementor-widget-container\">\n\t\t\t\t\t\t\t\t\t<h2>Za\u010d\u00edn\u00e1me sp\u0159\u00e1dat pl\u00e1ny<\/h2><p>Jedni\u010dka je jasn\u00e1. Ve \u010dtvrtek <b>5. \u0159\u00edjna 2023<\/b> n\u00e1\u0161 spolek ofici\u00e1ln\u011b vznikl s c\u00edlem p\u0159isp\u00edvat ke zlep\u0161ov\u00e1n\u00ed kvality \u017eivota, \u017eivotn\u00edho prost\u0159ed\u00ed a poskytov\u00e1n\u00ed energetick\u00fdch slu\u017eeb v Plze\u0148sk\u00e9m kraji, hlavn\u011b pak na \u00fazem\u00ed <a href=\"https:\/\/www.mas-radbuza.cz\/\" target=\"_blank\" rel=\"noopener\">MAS Radbuza<\/a>. ENERKOM Plze\u0148sko vznikl s viz\u00ed, \u017ee bude pom\u00e1hat obc\u00edm a ob\u010dan\u016fm zakl\u00e1dat energetick\u00e1 spole\u010denstv\u00ed a sd\u00edlet elekt\u0159inu.<\/p><p>Jednoho takov\u00e9ho partnera jsme na\u0161li v <a href=\"https:\/\/www.zbuch.cz\/\" target=\"_blank\" rel=\"noopener\">obci Zb\u016fch<\/a>. Starostu Du\u0161ana Duchka z\u00e1m\u011br vytvo\u0159it pilotn\u00ed projekt energetick\u00e9ho spole\u010denstv\u00ed nadchl, a proto se s n\u00e1mi pustil do realizace a sh\u00e1n\u011bn\u00ed dal\u0161\u00edch \u010dlen\u016f. Ve Zb\u016fchu se t\u00edm za\u010dala ps\u00e1t nov\u00e1 kapitola, z p\u016fvodn\u011b hornick\u00e9 obce se s trochou \u0161t\u011bst\u00ed a pr\u00e1ce stane m\u00edsto, kter\u00e9 prosperuje d\u00edky sd\u00edlen\u00ed obnoviteln\u00e9 elekt\u0159iny.<\/p><h2>Z\u00edsk\u00e1v\u00e1me podporu pro Zb\u016fch i SVJ v Dob\u0159anech<\/h2><p>B\u00fdt pr\u016fkopn\u00edkem komunitn\u00ed energetiky nen\u00ed jen tak \u2013 vy\u017eaduje to spoustu \u010dasu a kapacit. Jeliko\u017e jsme neziskov\u00e1 organizace, po\u017e\u00e1dali jsme <b>6. \u00fanora 2024<\/b> o dotaci ve <b>v\u00fdzv\u011b Zakl\u00e1d\u00e1n\u00ed energetick\u00fdch spole\u010denstv\u00ed od Ministerstva \u017eivotn\u00edho prost\u0159ed\u00ed<\/b>. O p\u00e1r m\u011bs\u00edc\u016f pozd\u011bji u\u017e jsme v\u011bd\u011bli, \u017ee si d\u00edky n\u00ed budeme moci nechat zpracovat ekonomick\u00e9, technick\u00e9 i pr\u00e1vn\u00ed studie od skute\u010dn\u00fdch odborn\u00edk\u016f.\u00a0<\/p><p><b>Ve v\u00fdzv\u011b jsme usp\u011bli hned dvakr\u00e1t <\/b>\u2013 jak s pilotn\u00edm projektem ENERKOM Zb\u016fch, tak i ve spolupr\u00e1ci s SVJ v Dob\u0159anech. V ENERKOM Zb\u016fch jsme 1. \u0159\u00edjna 2025 za\u010dali sd\u00edlet elekt\u0159inu, ale sd\u00edlen\u00ed v bytov\u00e9m dom\u011b v Dob\u0159anech jsme nakonec museli vzd\u00e1t. Na st\u0159e\u0161e se vyskytla z\u00e1vada, kter\u00e1 n\u00e1m znemo\u017enila pokra\u010dovat v pl\u00e1nov\u00e1n\u00ed fotovoltaick\u00e9 elektr\u00e1rny.<\/p>\t\t\t\t\t\t\t\t<\/div>\n\t\t\t\t<\/div>\n\t\t\t\t<div class=\"elementor-element elementor-element-505be65 elementor-widget elementor-widget-image\" data-id=\"505be65\" data-element_type=\"widget\" data-e-type=\"widget\" data-widget_type=\"image.default\">\n\t\t\t\t<div class=\"elementor-widget-container\">\n\t\t\t\t\t\t\t\t\t\t\t\t\t\t\t<img decoding=\"async\" width=\"800\" height=\"534\" src=\"https:\/\/www.enerkom-plzensko.cz\/wp-content\/uploads\/2025\/10\/Free-Hen-mobilni-kurniky-1024x683.jpg\" class=\"attachment-large size-large wp-image-1695\" alt=\"\" srcset=\"https:\/\/www.enerkom-plzensko.cz\/wp-content\/uploads\/2025\/10\/Free-Hen-mobilni-kurniky-1024x683.jpg 1024w, https:\/\/www.enerkom-plzensko.cz\/wp-content\/uploads\/2025\/10\/Free-Hen-mobilni-kurniky-300x200.jpg 300w, https:\/\/www.enerkom-plzensko.cz\/wp-content\/uploads\/2025\/10\/Free-Hen-mobilni-kurniky-768x512.jpg 768w, https:\/\/www.enerkom-plzensko.cz\/wp-content\/uploads\/2025\/10\/Free-Hen-mobilni-kurniky-1536x1025.jpg 1536w, https:\/\/www.enerkom-plzensko.cz\/wp-content\/uploads\/2025\/10\/Free-Hen-mobilni-kurniky.jpg 2048w\" sizes=\"(max-width: 800px) 100vw, 800px\" \/>\t\t\t\t\t\t\t\t\t\t\t\t\t\t\t<\/div>\n\t\t\t\t<\/div>\n\t\t\t\t<div class=\"elementor-element elementor-element-f85d492 elementor-widget elementor-widget-text-editor\" data-id=\"f85d492\" data-element_type=\"widget\" data-e-type=\"widget\" data-widget_type=\"text-editor.default\">\n\t\t\t\t<div class=\"elementor-widget-container\">\n\t\t\t\t\t\t\t\t\t<h2>Jedeme na v\u00fdlet! Tedy na exkurzi za dobrou prax\u00ed<\/h2><p><b>V kv\u011btnu 2025 jsme se <\/b>spole\u010dn\u011b s na\u0161imi partnery <a href=\"https:\/\/mze.gov.cz\/public\/portal\/mze\/venkov\/o-celostatni-siti-pro-venkov\" target=\"_blank\" rel=\"noopener\">Celost\u00e1tn\u00ed s\u00edt\u00ed pro venkov<\/a> (CSV) a <a href=\"https:\/\/www.asz.cz\/\" target=\"_blank\" rel=\"noopener\">Asociac\u00ed soukrom\u00e9ho zem\u011bd\u011blstv\u00ed<\/a> (ASZ) Plze\u0148sko <b>\u00a0vydali na <\/b><a href=\"https:\/\/www.enerkom-plzensko.cz\/index.php\/2025\/08\/07\/za-dobrou-praxi-do-cech-a-na-slovensko\/\"><b>exkurzi po \u010cesku a Slovensku<\/b><\/a>. Byly to \u010dty\u0159i dny pln\u00e9 inspirace, sd\u00edlen\u00ed zku\u0161enost\u00ed a nov\u00fdch z\u00e1\u017eitk\u016f. Sezn\u00e1mili jsme se s inovativn\u00edmi zem\u011bd\u011blsk\u00fdmi postupy zam\u011b\u0159en\u00fdmi na ochranu \u017eivotn\u00edho prost\u0159ed\u00ed a dobr\u00e9 \u017eivotn\u00ed podm\u00ednky zv\u00ed\u0159at. Jak vypad\u00e1 takov\u00fd mobiln\u00ed kurn\u00edk s fotovoltaikou? To jsme vid\u011bli na Statku Dvo\u0159\u00e1k a vy m\u016f\u017eete <a href=\"https:\/\/www.facebook.com\/reel\/964041988515561\" target=\"_blank\" rel=\"noopener\">taky<\/a>.<\/p><h2>Kamery, mikrofony, diktafony, klapka a jedem!<\/h2>\t\t\t\t\t\t\t\t<\/div>\n\t\t\t\t<\/div>\n\t\t\t\t<div class=\"elementor-element elementor-element-2d2773d elementor-widget elementor-widget-image\" data-id=\"2d2773d\" data-element_type=\"widget\" data-e-type=\"widget\" data-widget_type=\"image.default\">\n\t\t\t\t<div class=\"elementor-widget-container\">\n\t\t\t\t\t\t\t\t\t\t\t\t\t\t\t<img loading=\"lazy\" decoding=\"async\" width=\"800\" height=\"450\" src=\"https:\/\/www.enerkom-plzensko.cz\/wp-content\/uploads\/2025\/10\/Kamer-klapka-jedem-1024x576.jpg\" class=\"attachment-large size-large wp-image-1697\" alt=\"\" srcset=\"https:\/\/www.enerkom-plzensko.cz\/wp-content\/uploads\/2025\/10\/Kamer-klapka-jedem-1024x576.jpg 1024w, https:\/\/www.enerkom-plzensko.cz\/wp-content\/uploads\/2025\/10\/Kamer-klapka-jedem-300x169.jpg 300w, https:\/\/www.enerkom-plzensko.cz\/wp-content\/uploads\/2025\/10\/Kamer-klapka-jedem-768x432.jpg 768w, https:\/\/www.enerkom-plzensko.cz\/wp-content\/uploads\/2025\/10\/Kamer-klapka-jedem-1536x864.jpg 1536w, https:\/\/www.enerkom-plzensko.cz\/wp-content\/uploads\/2025\/10\/Kamer-klapka-jedem.jpg 1800w\" sizes=\"(max-width: 800px) 100vw, 800px\" \/>\t\t\t\t\t\t\t\t\t\t\t\t\t\t\t<\/div>\n\t\t\t\t<\/div>\n\t\t\t\t<div class=\"elementor-element elementor-element-bf03b48 elementor-widget elementor-widget-text-editor\" data-id=\"bf03b48\" data-element_type=\"widget\" data-e-type=\"widget\" data-widget_type=\"text-editor.default\">\n\t\t\t\t<div class=\"elementor-widget-container\">\n\t\t\t\t\t\t\t\t\t<p><b>\u017de novin\u00e1\u0159i nevyt\u00e1hnou paty z Prahy? Naopak! <\/b>Za n\u00e1mi p\u0159ijeli hned \u010dty\u0159i <b>24. \u010dervna 2024 <\/b>&#8211; Viktor Votruba z Hospod\u00e1\u0159sk\u00fdch novin, D\u00e1\u0161a Hyklov\u00e1 z iDnes, P\u0159emysl Sp\u011bv\u00e1k z Den\u00edku a Karol\u00edna Chlumeck\u00e1 z Ekonews. Za organizaci n\u00e1v\u0161t\u011bvy a video d\u011bkujeme <a href=\"http:\/\/uken.cz\/blog\/zbuch-rybniste-a-modlany-energetika-v-rukou-mistnich-obyvatel\" target=\"_blank\" rel=\"noopener\">Unii komunitn\u00ed energetiky<\/a>, bez kter\u00e9 by komunitn\u00ed energetika v \u010cesku ani zdaleka nebyla tak popul\u00e1rn\u00ed a \u00fasp\u011b\u0161n\u00e1. Odkazy na jejich \u010dl\u00e1nky najdete na konci str\u00e1nky.<\/p>\t\t\t\t\t\t\t\t<\/div>\n\t\t\t\t<\/div>\n\t\t\t\t<div class=\"elementor-element elementor-element-8ca6685 elementor-widget elementor-widget-video\" data-id=\"8ca6685\" data-element_type=\"widget\" data-e-type=\"widget\" data-settings=\"{&quot;youtube_url&quot;:&quot;https:\\\/\\\/www.youtube.com\\\/watch?v=_TkzFy4BF2g&amp;t=5s&quot;,&quot;video_type&quot;:&quot;youtube&quot;,&quot;controls&quot;:&quot;yes&quot;}\" data-widget_type=\"video.default\">\n\t\t\t\t<div class=\"elementor-widget-container\">\n\t\t\t\t\t\t\t<div class=\"elementor-wrapper elementor-open-inline\">\n\t\t\t<div class=\"elementor-video\"><\/div>\t\t<\/div>\n\t\t\t\t\t\t<\/div>\n\t\t\t\t<\/div>\n\t\t\t\t<div class=\"elementor-element elementor-element-e72f1f8 elementor-widget elementor-widget-text-editor\" data-id=\"e72f1f8\" data-element_type=\"widget\" data-e-type=\"widget\" data-widget_type=\"text-editor.default\">\n\t\t\t\t<div class=\"elementor-widget-container\">\n\t\t\t\t\t\t\t\t\t<h2>ENERKOM Plze\u0148sko na konferenci v Praze\u00a0<\/h2><p>\u2026reprezentovala na\u0161e p\u0159edsedkyn\u011b Andrea Kubern\u00e1tov\u00e1, kter\u00e1 tak vystoupila na stejn\u00e9m podiu jako t\u0159eba ministr \u017eivotn\u00edho prost\u0159ed\u00ed Petr Hlad\u00edk. \u0158e\u010d je o presti\u017en\u00ed konferenci <a href=\"https:\/\/www.greendealsummit.cz\/\" target=\"_blank\" rel=\"noopener\"><b>Green Deal Summit<\/b><\/a><b>, kter\u00e1 se konala 24. z\u00e1\u0159\u00ed 2024<\/b>. Poslucha\u010d\u016fm p\u0159ibl\u00ed\u017eila, jak energetiku \u0159e\u0161\u00ed obce a m\u011bsta v Plze\u0148sk\u00e9m kraji a pouk\u00e1zala na p\u0159etrv\u00e1vaj\u00edc\u00ed bari\u00e9ry, se kter\u00fdmi se vznikaj\u00edc\u00ed energetick\u00e1 spole\u010denstv\u00ed pot\u00fdkaj\u00ed. Hlas na\u0161eho regionu byl tak skute\u010dn\u011b sly\u0161et v hlavn\u00edm m\u011bst\u011b a dolehl k mnoha d\u016fle\u017eit\u00fdm u\u0161\u00edm.<\/p>\t\t\t\t\t\t\t\t<\/div>\n\t\t\t\t<\/div>\n\t\t\t\t<div class=\"elementor-element elementor-element-e980010 elementor-widget elementor-widget-image\" data-id=\"e980010\" data-element_type=\"widget\" data-e-type=\"widget\" data-widget_type=\"image.default\">\n\t\t\t\t<div class=\"elementor-widget-container\">\n\t\t\t\t\t\t\t\t\t\t\t\t\t\t\t<img loading=\"lazy\" decoding=\"async\" width=\"800\" height=\"600\" src=\"https:\/\/www.enerkom-plzensko.cz\/wp-content\/uploads\/2025\/10\/Green-Deal-Summit-1024x768.jpg\" class=\"attachment-large size-large wp-image-1693\" alt=\"\" srcset=\"https:\/\/www.enerkom-plzensko.cz\/wp-content\/uploads\/2025\/10\/Green-Deal-Summit-1024x768.jpg 1024w, https:\/\/www.enerkom-plzensko.cz\/wp-content\/uploads\/2025\/10\/Green-Deal-Summit-300x225.jpg 300w, https:\/\/www.enerkom-plzensko.cz\/wp-content\/uploads\/2025\/10\/Green-Deal-Summit-768x576.jpg 768w, https:\/\/www.enerkom-plzensko.cz\/wp-content\/uploads\/2025\/10\/Green-Deal-Summit-1536x1152.jpg 1536w, https:\/\/www.enerkom-plzensko.cz\/wp-content\/uploads\/2025\/10\/Green-Deal-Summit.jpg 2048w\" sizes=\"(max-width: 800px) 100vw, 800px\" \/>\t\t\t\t\t\t\t\t\t\t\t\t\t\t\t<\/div>\n\t\t\t\t<\/div>\n\t\t\t\t<div class=\"elementor-element elementor-element-871053b elementor-widget elementor-widget-text-editor\" data-id=\"871053b\" data-element_type=\"widget\" data-e-type=\"widget\" data-widget_type=\"text-editor.default\">\n\t\t\t\t<div class=\"elementor-widget-container\">\n\t\t\t\t\t\t\t\t\t<h2>Z exkurz\u00ed a konferenc\u00ed rovnou do v\u00fdm\u011bny elektrom\u011br\u016f<\/h2><p>S firmou <a href=\"https:\/\/www.tenexpres.cz\/\" target=\"_blank\" rel=\"noopener\">TEN EXPRES<\/a> jsme se v <b>listopadu 2024 pustili do zapojov\u00e1n\u00ed odb\u011brn\u00fdch m\u00edst ve Zb\u016fchu v re\u017eimu aktivn\u00edho z\u00e1kazn\u00edka<\/b>. D\u00edky tomu jsme z\u00edskali <b>chytr\u00e9 elektrom\u011bry<\/b> &#8211; smart metery, kter\u00e9 jsou pro sd\u00edlen\u00ed elekt\u0159iny nezbytn\u00e9. Nav\u00edc z nich m\u016f\u017eeme z\u00edskat data o v\u00fdrob\u011b a spot\u0159eb\u011b elekt\u0159iny a mnohem p\u0159esn\u011bji pl\u00e1novat sd\u00edlen\u00ed elekt\u0159iny v energetick\u00e9m spole\u010denstv\u00ed. D\u011bkujeme TEN EXPRES a hlavn\u011b panu Barincovi za pomoc!<\/p><p><i>V\u00edte, \u017ee sd\u00edlen\u00ed elekt\u0159iny prob\u00edh\u00e1 v tzv. 15minutov\u00fdch intervalech? To znamen\u00e1, \u017ee elekt\u0159inu mus\u00edte spot\u0159ebov\u00e1vat pr\u00e1v\u011b ve chv\u00edli, kdy ji jinde vyrob\u00edte.\u00a0<\/i><\/p><h2>Op\u011bt cestujeme za inspirac\u00ed, tentokr\u00e1t do Ji\u017en\u00edho Tyrolska<\/h2><p>V<b> kv\u011btnu 2025 <\/b>jsme uspo\u0159\u00e1dali dal\u0161\u00ed vzd\u011bl\u00e1vac\u00ed exkurzi a <a href=\"https:\/\/www.enerkom-plzensko.cz\/index.php\/2025\/08\/25\/za-dobrou-praxi-do-jizniho-tyrolska\/\">vydali se do Ji\u017en\u00edho Tyrolska<\/a>. Agrovoltaika, s\u00fdry, kon\u011b, mo\u0161t, cider\u2026 hlavn\u00edm t\u00e9matem ale bylo propojen\u00ed energetiky a zem\u011bd\u011blstv\u00ed, co\u017e n\u00e1s velmi zaujalo. U\u017e jen proto, \u017ee jedn\u00edm z na\u0161ich \u010dlen\u016f je i bioplynov\u00e1 stanice ve Vejprnic\u00edch. Z\u00e1\u0161titu akci poskytla CSV a z\u00fa\u010dastnili se z\u00e1stupci ASZ Plze\u0148sko, Agr\u00e1rn\u00ed komora \u010cesk\u00e9 Bud\u011bjovice a Sol\u00e1rn\u00ed asociace.<\/p>\t\t\t\t\t\t\t\t<\/div>\n\t\t\t\t<\/div>\n\t\t\t\t<div class=\"elementor-element elementor-element-2dcaa59 elementor-widget elementor-widget-image\" data-id=\"2dcaa59\" data-element_type=\"widget\" data-e-type=\"widget\" data-widget_type=\"image.default\">\n\t\t\t\t<div class=\"elementor-widget-container\">\n\t\t\t\t\t\t\t\t\t\t\t\t\t\t\t<img loading=\"lazy\" decoding=\"async\" width=\"800\" height=\"600\" src=\"https:\/\/www.enerkom-plzensko.cz\/wp-content\/uploads\/2025\/10\/Tyrolsko-spolecna-1024x768.jpg\" class=\"attachment-large size-large wp-image-1729\" alt=\"\" srcset=\"https:\/\/www.enerkom-plzensko.cz\/wp-content\/uploads\/2025\/10\/Tyrolsko-spolecna-1024x768.jpg 1024w, https:\/\/www.enerkom-plzensko.cz\/wp-content\/uploads\/2025\/10\/Tyrolsko-spolecna-300x225.jpg 300w, https:\/\/www.enerkom-plzensko.cz\/wp-content\/uploads\/2025\/10\/Tyrolsko-spolecna-768x576.jpg 768w, https:\/\/www.enerkom-plzensko.cz\/wp-content\/uploads\/2025\/10\/Tyrolsko-spolecna-1536x1152.jpg 1536w, https:\/\/www.enerkom-plzensko.cz\/wp-content\/uploads\/2025\/10\/Tyrolsko-spolecna.jpg 1800w\" sizes=\"(max-width: 800px) 100vw, 800px\" \/>\t\t\t\t\t\t\t\t\t\t\t\t\t\t\t<\/div>\n\t\t\t\t<\/div>\n\t\t\t\t<div class=\"elementor-element elementor-element-0f1f847 elementor-widget elementor-widget-text-editor\" data-id=\"0f1f847\" data-element_type=\"widget\" data-e-type=\"widget\" data-widget_type=\"text-editor.default\">\n\t\t\t\t<div class=\"elementor-widget-container\">\n\t\t\t\t\t\t\t\t\t<h2>ENERKOM Zb\u016fch existuje, doopravdy!<\/h2><p>Pln\u00edme, co jsme sl\u00edbili a ve Zb\u016fchu vznik\u00e1 jejich vlastn\u00ed ENERKOM. Slavit narozeniny bude v\u017edy <b>9. \u010dervence \u2013 tak si to, zb\u016f\u0161\u0161t\u00ed, zapi\u0161te za u\u0161i<\/b>. Bez vytrval\u00e9 podpory pana starosty Duchka bychom se neobe\u0161li. Cel\u00e9 pr\u00e1zdniny se pak sna\u017e\u00edme sb\u00edrat data o energetice v cel\u00e9 obci, abychom sd\u00edlen\u00ed elekt\u0159iny mohli spr\u00e1vn\u011b nastavit.<\/p><p>Pak u\u017e to jde r\u00e1z na r\u00e1z. V srpnu je ENERKOM Zb\u016fch zapsan\u00fd u\u017e i u <a href=\"https:\/\/eru.gov.cz\/enerkom-zbuch-z-s\" target=\"_blank\" rel=\"noopener\">Energetick\u00e9ho regula\u010dn\u00edho \u00fa\u0159adu<\/a>, co\u017e je d\u016fle\u017eit\u00e9 kv\u016fli kontrole, \u017ee nejsme \u017e\u00e1dn\u00ed energo\u0161mejdi. V z\u00e1\u0159\u00ed dokon\u010dujeme registraci u <a href=\"https:\/\/www.edc-cr.cz\/\" target=\"_blank\" rel=\"noopener\">Elektroenergetick\u00e9ho datov\u00e9ho centra<\/a> a <b>1. 10. 2025 za\u010d\u00edn\u00e1me sd\u00edlet elekt\u0159inu<\/b>!<\/p><h2>Komunita je pro n\u00e1s to hlavn\u00ed<\/h2><p>Ve slovn\u00edm spojen\u00ed \u201ekomunitn\u00ed energetika\u201d jsou pro n\u00e1s ob\u011b slova stejn\u011b d\u016fle\u017eit\u00e1. Proto podporujeme i spole\u010densk\u00fd \u017eivot v regionu a chceme ho spolu s v\u00e1mi utv\u00e1\u0159et. Jednou z na\u0161ich obl\u00edben\u00fdch akc\u00ed jsou ty, kter\u00e9 po\u0159\u00e1d\u00e1 pro d\u011bti i dosp\u011bl\u00e9 Autoklub Plze\u0148.\u00a0 V lo\u0148sk\u00e9m roce jsme podpo\u0159ili a z\u00fa\u010dastnili se tajn\u00e9ho z\u00e1vodu a letos zase sout\u011b\u017ee \u201eBezpe\u010dn\u011b do \u0161koly\u201d.<\/p><p><a href=\"https:\/\/www.facebook.com\/share\/r\/1DFLmLnFqt\/\" target=\"_blank\" rel=\"noopener\">Koukn\u011bte na video, jak\u00e9 to tam bylo<\/a>.<\/p>\t\t\t\t\t\t\t\t<\/div>\n\t\t\t\t<\/div>\n\t\t\t\t<div class=\"elementor-element elementor-element-9d28005 elementor-widget elementor-widget-image\" data-id=\"9d28005\" data-element_type=\"widget\" data-e-type=\"widget\" data-widget_type=\"image.default\">\n\t\t\t\t<div class=\"elementor-widget-container\">\n\t\t\t\t\t\t\t\t\t\t\t\t\t\t\t<img loading=\"lazy\" decoding=\"async\" width=\"800\" height=\"600\" src=\"https:\/\/www.enerkom-plzensko.cz\/wp-content\/uploads\/2025\/10\/UKEN-spolecna-1024x768.jpg\" class=\"attachment-large size-large wp-image-1731\" alt=\"\" srcset=\"https:\/\/www.enerkom-plzensko.cz\/wp-content\/uploads\/2025\/10\/UKEN-spolecna-1024x768.jpg 1024w, https:\/\/www.enerkom-plzensko.cz\/wp-content\/uploads\/2025\/10\/UKEN-spolecna-300x225.jpg 300w, https:\/\/www.enerkom-plzensko.cz\/wp-content\/uploads\/2025\/10\/UKEN-spolecna-768x576.jpg 768w, https:\/\/www.enerkom-plzensko.cz\/wp-content\/uploads\/2025\/10\/UKEN-spolecna-1536x1152.jpg 1536w, https:\/\/www.enerkom-plzensko.cz\/wp-content\/uploads\/2025\/10\/UKEN-spolecna.jpg 1800w\" sizes=\"(max-width: 800px) 100vw, 800px\" \/>\t\t\t\t\t\t\t\t\t\t\t\t\t\t\t<\/div>\n\t\t\t\t<\/div>\n\t\t\t\t<div class=\"elementor-element elementor-element-eb289b1 elementor-widget elementor-widget-text-editor\" data-id=\"eb289b1\" data-element_type=\"widget\" data-e-type=\"widget\" data-widget_type=\"text-editor.default\">\n\t\t\t\t<div class=\"elementor-widget-container\">\n\t\t\t\t\t\t\t\t\t<h2>Pod\u011bkov\u00e1n\u00ed<\/h2><p>Z\u00e1v\u011brem u\u017e zb\u00fdv\u00e1 jen pod\u011bkovat v\u0161em, kte\u0159\u00ed n\u00e1s podporuj\u00ed a pom\u00e1haj\u00ed n\u00e1m.\u00a0<\/p><p><strong>Jsou jimi:<\/strong><\/p><ul><li aria-level=\"1\"><a href=\"https:\/\/www.zbuch.cz\/\" target=\"_blank\" rel=\"noopener\">Obec Zb\u016fch<\/a>, starosta Du\u0161an Duchek a m\u00edstostarostka Jana Zajptov\u00e1<\/li><li aria-level=\"1\">Stanislav Kojzar<\/li><li aria-level=\"1\"><a href=\"https:\/\/www.tenexpres.cz\/\" target=\"_blank\" rel=\"noopener\">Plze\u0148sk\u00fd TEN EXPRES Zb\u016fch s.r.o.<\/a><\/li><li aria-level=\"1\">AGRO ENERGY CZ spol. s r.o.<\/li><li aria-level=\"1\"><a href=\"https:\/\/www.im-perfect.cz\/\" target=\"_blank\" rel=\"noopener\">imPerfect z.s.<\/a><\/li><li aria-level=\"1\"><a href=\"https:\/\/www.sdh-zbuch.cz\/\" target=\"_blank\" rel=\"noopener\">Sdru\u017een\u00ed dobrovoln\u00fdch hasi\u010d\u016f Zb\u016fch<\/a><\/li><li aria-level=\"1\"><a href=\"https:\/\/www.cevre.cz\/\" target=\"_blank\" rel=\"noopener\">CEVRE Consultants, s.r.o.<\/a><\/li><li aria-level=\"1\"><a href=\"https:\/\/www.linkedin.com\/company\/energetick%C3%A9-dru%C5%BEstvo-hota%C5%99\/posts\/?feedView=all\" target=\"_blank\" rel=\"noopener\">Energetick\u00e9 dru\u017estvo Hota\u0159 &#8211; Daniel Ullmann<\/a><\/li><li aria-level=\"1\"><a href=\"https:\/\/wattlink.cz\/\" target=\"_blank\" rel=\"noopener\">Wattlink<\/a><\/li><li aria-level=\"1\"><a href=\"https:\/\/www.enerkom-podlipansko.cz\/\" target=\"_blank\" rel=\"noopener\">ENERKOM Podlipansko<\/a><\/li><li aria-level=\"1\"><a href=\"https:\/\/mze.gov.cz\/public\/portal\/mze\/venkov\/o-celostatni-siti-pro-venkov\" target=\"_blank\" rel=\"noopener\">Celost\u00e1tn\u00ed s\u00ed\u0165 pro venkov<\/a><\/li><li aria-level=\"1\"><a href=\"https:\/\/www.asz.cz\/\" target=\"_blank\" rel=\"noopener\">Asociace soukrom\u00e9ho zem\u011bd\u011blstv\u00ed<\/a> Plze\u0148sko<\/li><li aria-level=\"1\"><a href=\"https:\/\/frankbold.org\/\" target=\"_blank\" rel=\"noopener\">Frank Bold<\/a><\/li><li aria-level=\"1\"><a href=\"https:\/\/www.uken.cz\/\" target=\"_blank\" rel=\"noopener\">Unie komunitn\u00ed energetiky<\/a><\/li><\/ul><h3>Odkazy na medi\u00e1ln\u00ed v\u00fdstupy o ENERKOM Plze\u0148sko<\/h3><ul><li aria-level=\"1\"><a href=\"https:\/\/plzenska.drbna.cz\/zpravy\/18678-energeticke-spolecenstvi-ve-zbuchu-pokracuje-v-pripravach-spusteni-sdileni-je-za-dvermi.html?utm_source=copy\" target=\"_blank\" rel=\"noopener\">Energetick\u00e9 spole\u010denstv\u00ed ve Zb\u016fchu pokra\u010duje v p\u0159\u00edprav\u00e1ch. Spu\u0161t\u011bn\u00ed sd\u00edlen\u00ed je za dve\u0159mi<\/a><\/li><li aria-level=\"1\"><a href=\"https:\/\/www.irozhlas.cz\/zpravy-domov\/na-debatu-o-fotovoltaice-vylezte-z-pradelny-a-sklepa-vyzkum-radi-jak-se_2508110850_ava?fbclid=IwY2xjawMaaA1leHRuA2FlbQIxMABicmlkETF5VmdaZDdvcEdMNjJXd09JAR58riDnSLBCeaEq75miBL2bnm7zi0KJIQa9Wv5Um-YGB1V0UCJGZh9tE8P2xg_aem_n58_OGJzEF-_PuMuOmMXiQ\" target=\"_blank\" rel=\"noopener\">Jak je to s fotovoltaickou elektr\u00e1rnou na bytov\u00fdch domech a jestli je v\u016fbec mo\u017en\u00e9 se na sch\u016fzi SVJ na n\u011b\u010dem domluvit<\/a><\/li><li aria-level=\"1\"><a href=\"https:\/\/www.idnes.cz\/ekonomika\/domaci\/obnovitelne-zdroje-komunitni-energetika-zbuch-enerkom-plzensko.A240702_145857_ekonomika_hyk\" target=\"_blank\" rel=\"noopener\">Jak se ve Zb\u016fchu u\u010d\u00ed sd\u00edlet elekt\u0159inu. Report\u00e1\u017e z energeticky pr\u016fkopnick\u00e9 obce<\/a><\/li><li aria-level=\"1\"><a href=\"https:\/\/plzenska.drbna.cz\/zpravy\/18272-zbuch-proslapava-novou-cestu-k-levnejsi-elektrine-sazi-na-komunitni-energetiku.html?utm_source=copy\" target=\"_blank\" rel=\"noopener\">Zb\u016fch pro\u0161lap\u00e1v\u00e1 novou cestu k levn\u011bj\u0161\u00ed elekt\u0159in\u011b. S\u00e1z\u00ed na komunitn\u00ed energetiku<\/a><\/li><li aria-level=\"1\"><a href=\"https:\/\/www.ekonews.cz\/elektrina-pro-sousedy-z-kukurice-zita-a-slepiciho-trusu-na-plzensku-se-do-sdileni-zapoji-i-bioplynka\/\" target=\"_blank\" rel=\"noopener\">Elekt\u0159ina pro sousedy z kuku\u0159ice, \u017eita a slepi\u010d\u00edho trusu. Na Plze\u0148sku se do sd\u00edlen\u00ed zapoj\u00ed i bioplynka<\/a><\/li><li aria-level=\"1\"><a href=\"https:\/\/www.denik.cz\/energie\/komunitni-energetika-obnovitelne-zdroje-energie-sdileni-elektriny.html\" target=\"_blank\" rel=\"noopener\">Obce jako pion\u00fd\u0159i komunitn\u00ed energetiky. Potenci\u00e1l je velk\u00fd, zn\u00ed ze Zb\u016fchu<\/a><\/li><li aria-level=\"1\"><a href=\"https:\/\/www.youtube.com\/watch?v=AA4AfIBmTyw\" target=\"_blank\" rel=\"noopener\">Podcast Na kobere\u010dku #50: Pr\u016fkopn\u00edci komunitn\u00ed energetiky<\/a><\/li><\/ul>\t\t\t\t\t\t\t\t<\/div>\n\t\t\t\t<\/div>\n\t\t\t\t<\/div>\n\t\t\t\t<\/div>\n\t\t\t\t<\/div>\n\t\t\t\t\t<\/div>\n\t\t\t\t<\/div>\n\t\t\t\t<\/div>\n\t\t","protected":false},"excerpt":{"rendered":"<p>V\u00edte, \u017ee dnes jsou to pr\u00e1v\u011b 2 roky, co jsme zalo\u017eili ENERKOM Plze\u0148sko? Za ty uplynul\u00e9 roky jsme toho leccos stihli, tak budeme r\u00e1di, kdy\u017e si s n\u00e1mi p\u0159ipomenete v\u00fdznamn\u00e9 ud\u00e1losti.<\/p>\n","protected":false},"author":2,"featured_media":1729,"comment_status":"closed","ping_status":"open","sticky":false,"template":"elementor_header_footer","format":"standard","meta":{"inline_featured_image":false,"footnotes":""},"categories":[6],"tags":[],"class_list":["post-1690","post","type-post","status-publish","format-standard","has-post-thumbnail","hentry","category-sdileni-elektriny"],"_links":{"self":[{"href":"https:\/\/www.enerkom-plzensko.cz\/index.php\/wp-json\/wp\/v2\/posts\/1690","targetHints":{"allow":["GET"]}}],"collection":[{"href":"https:\/\/www.enerkom-plzensko.cz\/index.php\/wp-json\/wp\/v2\/posts"}],"about":[{"href":"https:\/\/www.enerkom-plzensko.cz\/index.php\/wp-json\/wp\/v2\/types\/post"}],"author":[{"embeddable":true,"href":"https:\/\/www.enerkom-plzensko.cz\/index.php\/wp-json\/wp\/v2\/users\/2"}],"replies":[{"embeddable":true,"href":"https:\/\/www.enerkom-plzensko.cz\/index.php\/wp-json\/wp\/v2\/comments?post=1690"}],"version-history":[{"count":41,"href":"https:\/\/www.enerkom-plzensko.cz\/index.php\/wp-json\/wp\/v2\/posts\/1690\/revisions"}],"predecessor-version":[{"id":1741,"href":"https:\/\/www.enerkom-plzensko.cz\/index.php\/wp-json\/wp\/v2\/posts\/1690\/revisions\/1741"}],"wp:featuredmedia":[{"embeddable":true,"href":"https:\/\/www.enerkom-plzensko.cz\/index.php\/wp-json\/wp\/v2\/media\/1729"}],"wp:attachment":[{"href":"https:\/\/www.enerkom-plzensko.cz\/index.php\/wp-json\/wp\/v2\/media?parent=1690"}],"wp:term":[{"taxonomy":"category","embeddable":true,"href":"https:\/\/www.enerkom-plzensko.cz\/index.php\/wp-json\/wp\/v2\/categories?post=1690"},{"taxonomy":"post_tag","embeddable":true,"href":"https:\/\/www.enerkom-plzensko.cz\/index.php\/wp-json\/wp\/v2\/tags?post=1690"}],"curies":[{"name":"wp","href":"https:\/\/api.w.org\/{rel}","templated":true}]}}