{"id":1743,"date":"2025-10-12T12:13:48","date_gmt":"2025-10-12T10:13:48","guid":{"rendered":"https:\/\/www.enerkom-plzensko.cz\/?p=1743"},"modified":"2025-10-12T12:19:48","modified_gmt":"2025-10-12T10:19:48","slug":"enerkom-v-reportazi-ceskeho-rozhlasu","status":"publish","type":"post","link":"https:\/\/www.enerkom-plzensko.cz\/index.php\/2025\/10\/12\/enerkom-v-reportazi-ceskeho-rozhlasu\/","title":{"rendered":"ENERKOM v report\u00e1\u017ei \u010cesk\u00e9ho rozhlasu"},"content":{"rendered":"\t\t<div data-elementor-type=\"wp-post\" data-elementor-id=\"1743\" class=\"elementor elementor-1743\" data-elementor-settings=\"{&quot;element_pack_global_tooltip_width&quot;:{&quot;unit&quot;:&quot;px&quot;,&quot;size&quot;:&quot;&quot;,&quot;sizes&quot;:[]},&quot;element_pack_global_tooltip_width_tablet&quot;:{&quot;unit&quot;:&quot;px&quot;,&quot;size&quot;:&quot;&quot;,&quot;sizes&quot;:[]},&quot;element_pack_global_tooltip_width_mobile&quot;:{&quot;unit&quot;:&quot;px&quot;,&quot;size&quot;:&quot;&quot;,&quot;sizes&quot;:[]},&quot;element_pack_global_tooltip_padding&quot;:{&quot;unit&quot;:&quot;px&quot;,&quot;top&quot;:&quot;&quot;,&quot;right&quot;:&quot;&quot;,&quot;bottom&quot;:&quot;&quot;,&quot;left&quot;:&quot;&quot;,&quot;isLinked&quot;:true},&quot;element_pack_global_tooltip_padding_tablet&quot;:{&quot;unit&quot;:&quot;px&quot;,&quot;top&quot;:&quot;&quot;,&quot;right&quot;:&quot;&quot;,&quot;bottom&quot;:&quot;&quot;,&quot;left&quot;:&quot;&quot;,&quot;isLinked&quot;:true},&quot;element_pack_global_tooltip_padding_mobile&quot;:{&quot;unit&quot;:&quot;px&quot;,&quot;top&quot;:&quot;&quot;,&quot;right&quot;:&quot;&quot;,&quot;bottom&quot;:&quot;&quot;,&quot;left&quot;:&quot;&quot;,&quot;isLinked&quot;:true},&quot;element_pack_global_tooltip_border_radius&quot;:{&quot;unit&quot;:&quot;px&quot;,&quot;top&quot;:&quot;&quot;,&quot;right&quot;:&quot;&quot;,&quot;bottom&quot;:&quot;&quot;,&quot;left&quot;:&quot;&quot;,&quot;isLinked&quot;:true},&quot;element_pack_global_tooltip_border_radius_tablet&quot;:{&quot;unit&quot;:&quot;px&quot;,&quot;top&quot;:&quot;&quot;,&quot;right&quot;:&quot;&quot;,&quot;bottom&quot;:&quot;&quot;,&quot;left&quot;:&quot;&quot;,&quot;isLinked&quot;:true},&quot;element_pack_global_tooltip_border_radius_mobile&quot;:{&quot;unit&quot;:&quot;px&quot;,&quot;top&quot;:&quot;&quot;,&quot;right&quot;:&quot;&quot;,&quot;bottom&quot;:&quot;&quot;,&quot;left&quot;:&quot;&quot;,&quot;isLinked&quot;:true}}\" data-elementor-post-type=\"post\">\n\t\t\t\t<div class=\"elementor-element elementor-element-2fc606f2 e-flex e-con-boxed e-con e-parent\" data-id=\"2fc606f2\" data-element_type=\"container\" data-e-type=\"container\">\n\t\t\t\t\t<div class=\"e-con-inner\">\n\t\t<div class=\"elementor-element elementor-element-38ba574 e-con-full e-flex e-con e-child\" data-id=\"38ba574\" data-element_type=\"container\" data-e-type=\"container\">\n\t\t<div class=\"elementor-element elementor-element-66b9466 e-con-full e-flex e-con e-child\" data-id=\"66b9466\" data-element_type=\"container\" data-e-type=\"container\">\n\t\t\t\t<div class=\"elementor-element elementor-element-41b7993 elementor-widget elementor-widget-theme-post-title elementor-page-title elementor-widget-heading\" data-id=\"41b7993\" data-element_type=\"widget\" data-e-type=\"widget\" data-widget_type=\"theme-post-title.default\">\n\t\t\t\t<div class=\"elementor-widget-container\">\n\t\t\t\t\t<h1 class=\"elementor-heading-title elementor-size-default\">ENERKOM v report\u00e1\u017ei \u010cesk\u00e9ho rozhlasu<\/h1>\t\t\t\t<\/div>\n\t\t\t\t<\/div>\n\t\t\t\t<div class=\"elementor-element elementor-element-0e1e63b elementor-widget elementor-widget-image\" data-id=\"0e1e63b\" data-element_type=\"widget\" data-e-type=\"widget\" data-widget_type=\"image.default\">\n\t\t\t\t<div class=\"elementor-widget-container\">\n\t\t\t\t\t\t\t\t\t\t\t\t\t\t\t<img decoding=\"async\" width=\"88\" height=\"6\" src=\"https:\/\/www.enerkom-plzensko.cz\/wp-content\/uploads\/2025\/08\/gfx_nadpis-3.png\" class=\"attachment-large size-large wp-image-297\" alt=\"\" \/>\t\t\t\t\t\t\t\t\t\t\t\t\t\t\t<\/div>\n\t\t\t\t<\/div>\n\t\t\t\t<\/div>\n\t\t<div class=\"elementor-element elementor-element-3629977 e-con-full e-flex e-con e-child\" data-id=\"3629977\" data-element_type=\"container\" data-e-type=\"container\">\n\t\t<div class=\"elementor-element elementor-element-0ae9ef1 e-con-full e-flex e-con e-child\" data-id=\"0ae9ef1\" data-element_type=\"container\" data-e-type=\"container\">\n\t\t\t\t<div class=\"elementor-element elementor-element-b2931e8 elementor-widget elementor-widget-text-editor\" data-id=\"b2931e8\" data-element_type=\"widget\" data-e-type=\"widget\" data-widget_type=\"text-editor.default\">\n\t\t\t\t<div class=\"elementor-widget-container\">\n\t\t\t\t\t\t\t\t\t<p><b>V \u010dervenci n\u00e1s nav\u0161t\u00edvil report\u00e9r \u010cesk\u00e9ho rozhlasu Jan Kaliba, pov\u00eddali jsme si s n\u00edm o komunitn\u00ed energetice, pr\u00e1ci energetick\u00e9ho poradce a hlavn\u011b o tom, jak\u00e9 m\u00e1me zku\u0161enosti s komunikac\u00ed s ob\u010dany. Z\u00fa\u010dastnili jsme se toti\u017e v\u00fdzkumu <\/b><a href=\"https:\/\/www.stem.cz\/\" target=\"_blank\" rel=\"noopener\"><b>STEM<\/b><\/a><b>, kter\u00fd se zam\u011b\u0159il na to, jestli se lid\u00e9 v bytov\u00fdch domech jsou schopni domluvit na investici do spole\u010dn\u00e9 fotovoltaick\u00e9 elektr\u00e1rny.\u00a0<\/b><\/p>\t\t\t\t\t\t\t\t<\/div>\n\t\t\t\t<\/div>\n\t\t\t\t<div class=\"elementor-element elementor-element-8b7194b elementor-widget__width-initial elementor-widget elementor-widget-image\" data-id=\"8b7194b\" data-element_type=\"widget\" data-e-type=\"widget\" data-widget_type=\"image.default\">\n\t\t\t\t<div class=\"elementor-widget-container\">\n\t\t\t\t\t\t\t\t\t\t\t\t\t\t\t<img fetchpriority=\"high\" decoding=\"async\" width=\"2048\" height=\"1666\" src=\"https:\/\/www.enerkom-plzensko.cz\/wp-content\/uploads\/2025\/10\/CRo.jpg\" class=\"attachment-2048x2048 size-2048x2048 wp-image-1744\" alt=\"\" srcset=\"https:\/\/www.enerkom-plzensko.cz\/wp-content\/uploads\/2025\/10\/CRo.jpg 2048w, https:\/\/www.enerkom-plzensko.cz\/wp-content\/uploads\/2025\/10\/CRo-300x244.jpg 300w, https:\/\/www.enerkom-plzensko.cz\/wp-content\/uploads\/2025\/10\/CRo-1024x833.jpg 1024w, https:\/\/www.enerkom-plzensko.cz\/wp-content\/uploads\/2025\/10\/CRo-768x625.jpg 768w, https:\/\/www.enerkom-plzensko.cz\/wp-content\/uploads\/2025\/10\/CRo-1536x1250.jpg 1536w\" sizes=\"(max-width: 2048px) 100vw, 2048px\" \/>\t\t\t\t\t\t\t\t\t\t\t\t\t\t\t<\/div>\n\t\t\t\t<\/div>\n\t\t\t\t<div class=\"elementor-element elementor-element-75197aa elementor-widget elementor-widget-text-editor\" data-id=\"75197aa\" data-element_type=\"widget\" data-e-type=\"widget\" data-widget_type=\"text-editor.default\">\n\t\t\t\t<div class=\"elementor-widget-container\">\n\t\t\t\t\t\t\t\t\t<p><span style=\"font-weight: 400;\">Jsme r\u00e1di, \u017ee jsme mohli p\u0159isp\u011bt zku\u0161enostmi z praxe a \u017ee se o toto t\u00e9ma zaj\u00edmaj\u00ed v\u011bdci i m\u00e9dia. Komunitn\u00ed energetika i energetick\u00e9 poradenstv\u00ed je toti\u017e hlavn\u011b o tom, jak lidem pomoci \u0161et\u0159it na energi\u00edch a sou\u010dasn\u011b budovat d\u016fv\u011bryhodn\u00e9 vztahy v m\u00edst\u011b.&nbsp;<\/span>Z\u00e1sadn\u00ed podle Andrey Kubern\u00e1tov\u00e9 bylo i to, \u017ee sch\u016fzi uspo\u0159\u00e1dali jinde ne\u017e klasicky ve sklep\u011b \u010di pr\u00e1deln\u011b vlastn\u00edho domu. \u201eTam stoj\u00ed ka\u017ed\u00fd pomalu na sousedov\u011b noze a u n\u00e1s jak tam ti lid\u00e9 byli t\u011bsn\u011b u sebe, tak jsem m\u011bla pocit, \u017ee v\u0161ichni jsou proti v\u0161emu a proti v\u0161em. Tak\u017ee my jsme se vydali cestou v\u011bt\u0161\u00edho pohodl\u00ed, proto\u017ee jsme vyu\u017eili prostory nedalek\u00e9 j\u00eddelny. A tam bylo kr\u00e1sn\u011b vid\u011bt, \u017ee jsme se dovedli konstruktivn\u011b bavit.\u201c<\/p>\n<p><span style=\"font-weight: 400;\">Cel\u00fd \u010dl\u00e1nek najdete zde: \u201e<\/span><a href=\"https:\/\/www.irozhlas.cz\/zpravy-domov\/na-debatu-o-fotovoltaice-vylezte-z-pradelny-a-sklepa-vyzkum-radi-jak-se_2508110850_ava\" target=\"_blank\" rel=\"noopener\"><span style=\"font-weight: 400;\">Na debatu o fotovoltaice vylezte z pr\u00e1delny a sklepa. V\u00fdzkum rad\u00ed, jak se dohodnout na sch\u016fzi dru\u017estev<\/span><\/a><span style=\"font-weight: 400;\">\u201d.<\/span><\/p>\t\t\t\t\t\t\t\t<\/div>\n\t\t\t\t<\/div>\n\t\t\t\t<\/div>\n\t\t\t\t<\/div>\n\t\t\t\t<\/div>\n\t\t\t\t\t<\/div>\n\t\t\t\t<\/div>\n\t\t\t\t<\/div>\n\t\t","protected":false},"excerpt":{"rendered":"<p>V \u010dervenci n\u00e1s nav\u0161t\u00edvil report\u00e9r \u010cesk\u00e9ho rozhlasu Jan Kaliba, pov\u00eddali jsme si s n\u00edm o komunitn\u00ed energetice, pr\u00e1ci energetick\u00e9ho poradce a hlavn\u011b o tom, jak\u00e9 m\u00e1me zku\u0161enosti s komunikac\u00ed s ob\u010dany.\u00a0<\/p>\n","protected":false},"author":2,"featured_media":1744,"comment_status":"closed","ping_status":"open","sticky":false,"template":"elementor_header_footer","format":"standard","meta":{"inline_featured_image":false,"footnotes":""},"categories":[],"tags":[],"class_list":["post-1743","post","type-post","status-publish","format-standard","has-post-thumbnail","hentry"],"_links":{"self":[{"href":"https:\/\/www.enerkom-plzensko.cz\/index.php\/wp-json\/wp\/v2\/posts\/1743","targetHints":{"allow":["GET"]}}],"collection":[{"href":"https:\/\/www.enerkom-plzensko.cz\/index.php\/wp-json\/wp\/v2\/posts"}],"about":[{"href":"https:\/\/www.enerkom-plzensko.cz\/index.php\/wp-json\/wp\/v2\/types\/post"}],"author":[{"embeddable":true,"href":"https:\/\/www.enerkom-plzensko.cz\/index.php\/wp-json\/wp\/v2\/users\/2"}],"replies":[{"embeddable":true,"href":"https:\/\/www.enerkom-plzensko.cz\/index.php\/wp-json\/wp\/v2\/comments?post=1743"}],"version-history":[{"count":6,"href":"https:\/\/www.enerkom-plzensko.cz\/index.php\/wp-json\/wp\/v2\/posts\/1743\/revisions"}],"predecessor-version":[{"id":1750,"href":"https:\/\/www.enerkom-plzensko.cz\/index.php\/wp-json\/wp\/v2\/posts\/1743\/revisions\/1750"}],"wp:featuredmedia":[{"embeddable":true,"href":"https:\/\/www.enerkom-plzensko.cz\/index.php\/wp-json\/wp\/v2\/media\/1744"}],"wp:attachment":[{"href":"https:\/\/www.enerkom-plzensko.cz\/index.php\/wp-json\/wp\/v2\/media?parent=1743"}],"wp:term":[{"taxonomy":"category","embeddable":true,"href":"https:\/\/www.enerkom-plzensko.cz\/index.php\/wp-json\/wp\/v2\/categories?post=1743"},{"taxonomy":"post_tag","embeddable":true,"href":"https:\/\/www.enerkom-plzensko.cz\/index.php\/wp-json\/wp\/v2\/tags?post=1743"}],"curies":[{"name":"wp","href":"https:\/\/api.w.org\/{rel}","templated":true}]}}