{"id":1763,"date":"2025-10-25T16:30:35","date_gmt":"2025-10-25T14:30:35","guid":{"rendered":"https:\/\/www.enerkom-plzensko.cz\/?p=1763"},"modified":"2026-01-25T20:29:39","modified_gmt":"2026-01-25T19:29:39","slug":"co-prinesl-energofest-2025-problemy-ktere-zname-i-nova-reseni-ktera-davaji-smysl","status":"publish","type":"post","link":"https:\/\/www.enerkom-plzensko.cz\/index.php\/2025\/10\/25\/co-prinesl-energofest-2025-problemy-ktere-zname-i-nova-reseni-ktera-davaji-smysl\/","title":{"rendered":"Co p\u0159inesl ENERGOFest 2025? Probl\u00e9my, kter\u00e9 zn\u00e1me, i nov\u00e1 \u0159e\u0161en\u00ed, kter\u00e1 d\u00e1vaj\u00ed smysl"},"content":{"rendered":"\t\t<div data-elementor-type=\"wp-post\" data-elementor-id=\"1763\" class=\"elementor elementor-1763\" data-elementor-settings=\"{&quot;element_pack_global_tooltip_width&quot;:{&quot;unit&quot;:&quot;px&quot;,&quot;size&quot;:&quot;&quot;,&quot;sizes&quot;:[]},&quot;element_pack_global_tooltip_width_tablet&quot;:{&quot;unit&quot;:&quot;px&quot;,&quot;size&quot;:&quot;&quot;,&quot;sizes&quot;:[]},&quot;element_pack_global_tooltip_width_mobile&quot;:{&quot;unit&quot;:&quot;px&quot;,&quot;size&quot;:&quot;&quot;,&quot;sizes&quot;:[]},&quot;element_pack_global_tooltip_padding&quot;:{&quot;unit&quot;:&quot;px&quot;,&quot;top&quot;:&quot;&quot;,&quot;right&quot;:&quot;&quot;,&quot;bottom&quot;:&quot;&quot;,&quot;left&quot;:&quot;&quot;,&quot;isLinked&quot;:true},&quot;element_pack_global_tooltip_padding_tablet&quot;:{&quot;unit&quot;:&quot;px&quot;,&quot;top&quot;:&quot;&quot;,&quot;right&quot;:&quot;&quot;,&quot;bottom&quot;:&quot;&quot;,&quot;left&quot;:&quot;&quot;,&quot;isLinked&quot;:true},&quot;element_pack_global_tooltip_padding_mobile&quot;:{&quot;unit&quot;:&quot;px&quot;,&quot;top&quot;:&quot;&quot;,&quot;right&quot;:&quot;&quot;,&quot;bottom&quot;:&quot;&quot;,&quot;left&quot;:&quot;&quot;,&quot;isLinked&quot;:true},&quot;element_pack_global_tooltip_border_radius&quot;:{&quot;unit&quot;:&quot;px&quot;,&quot;top&quot;:&quot;&quot;,&quot;right&quot;:&quot;&quot;,&quot;bottom&quot;:&quot;&quot;,&quot;left&quot;:&quot;&quot;,&quot;isLinked&quot;:true},&quot;element_pack_global_tooltip_border_radius_tablet&quot;:{&quot;unit&quot;:&quot;px&quot;,&quot;top&quot;:&quot;&quot;,&quot;right&quot;:&quot;&quot;,&quot;bottom&quot;:&quot;&quot;,&quot;left&quot;:&quot;&quot;,&quot;isLinked&quot;:true},&quot;element_pack_global_tooltip_border_radius_mobile&quot;:{&quot;unit&quot;:&quot;px&quot;,&quot;top&quot;:&quot;&quot;,&quot;right&quot;:&quot;&quot;,&quot;bottom&quot;:&quot;&quot;,&quot;left&quot;:&quot;&quot;,&quot;isLinked&quot;:true}}\" data-elementor-post-type=\"post\">\n\t\t\t\t<div class=\"elementor-element elementor-element-2fc606f2 e-flex e-con-boxed e-con e-parent\" data-id=\"2fc606f2\" data-element_type=\"container\" data-e-type=\"container\">\n\t\t\t\t\t<div class=\"e-con-inner\">\n\t\t<div class=\"elementor-element elementor-element-38ba574 e-con-full e-flex e-con e-child\" data-id=\"38ba574\" data-element_type=\"container\" data-e-type=\"container\">\n\t\t<div class=\"elementor-element elementor-element-66b9466 e-con-full e-flex e-con e-child\" data-id=\"66b9466\" data-element_type=\"container\" data-e-type=\"container\">\n\t\t\t\t<div class=\"elementor-element elementor-element-41b7993 elementor-widget elementor-widget-theme-post-title elementor-page-title elementor-widget-heading\" data-id=\"41b7993\" data-element_type=\"widget\" data-e-type=\"widget\" data-widget_type=\"theme-post-title.default\">\n\t\t\t\t<div class=\"elementor-widget-container\">\n\t\t\t\t\t<h1 class=\"elementor-heading-title elementor-size-default\">Co p\u0159inesl ENERGOFest 2025? Probl\u00e9my, kter\u00e9 zn\u00e1me, i nov\u00e1 \u0159e\u0161en\u00ed, kter\u00e1 d\u00e1vaj\u00ed smysl<\/h1>\t\t\t\t<\/div>\n\t\t\t\t<\/div>\n\t\t\t\t<div class=\"elementor-element elementor-element-0e1e63b elementor-widget elementor-widget-image\" data-id=\"0e1e63b\" data-element_type=\"widget\" data-e-type=\"widget\" data-widget_type=\"image.default\">\n\t\t\t\t<div class=\"elementor-widget-container\">\n\t\t\t\t\t\t\t\t\t\t\t\t\t\t\t<img decoding=\"async\" width=\"88\" height=\"6\" src=\"https:\/\/www.enerkom-plzensko.cz\/wp-content\/uploads\/2025\/08\/gfx_nadpis-3.png\" class=\"attachment-large size-large wp-image-297\" alt=\"\" \/>\t\t\t\t\t\t\t\t\t\t\t\t\t\t\t<\/div>\n\t\t\t\t<\/div>\n\t\t\t\t<\/div>\n\t\t<div class=\"elementor-element elementor-element-3629977 e-con-full e-flex e-con e-child\" data-id=\"3629977\" data-element_type=\"container\" data-e-type=\"container\">\n\t\t<div class=\"elementor-element elementor-element-cd72835 e-con-full e-flex e-con e-child\" data-id=\"cd72835\" data-element_type=\"container\" data-e-type=\"container\">\n\t\t\t\t<div class=\"elementor-element elementor-element-b2931e8 elementor-widget elementor-widget-text-editor\" data-id=\"b2931e8\" data-element_type=\"widget\" data-e-type=\"widget\" data-widget_type=\"text-editor.default\">\n\t\t\t\t<div class=\"elementor-widget-container\">\n\t\t\t\t\t\t\t\t\t<p><b>Energetick\u00e1 spole\u010denstv\u00ed nejl\u00e9pe znaj\u00ed sv\u00e9 lidi i sv\u00e9 mo\u017enosti. ENERGOFest 2025 uk\u00e1zal, \u017ee regiony jsou p\u0159ipraven\u00e9 m\u011bnit energetiku k lep\u0161\u00edmu \u2013 pokud dostanou d\u016fv\u011bru a prostor od t\u011bch, kte\u0159\u00ed o pravidlech rozhoduj\u00ed.<\/b><\/p>\t\t\t\t\t\t\t\t<\/div>\n\t\t\t\t<\/div>\n\t\t\t\t<\/div>\n\t\t<div class=\"elementor-element elementor-element-0ae9ef1 e-con-full e-flex e-con e-child\" data-id=\"0ae9ef1\" data-element_type=\"container\" data-e-type=\"container\">\n\t\t\t\t<div class=\"elementor-element elementor-element-8b7194b elementor-widget__width-initial elementor-widget elementor-widget-image\" data-id=\"8b7194b\" data-element_type=\"widget\" data-e-type=\"widget\" data-widget_type=\"image.default\">\n\t\t\t\t<div class=\"elementor-widget-container\">\n\t\t\t\t\t\t\t\t\t\t\t\t\t\t\t<img fetchpriority=\"high\" decoding=\"async\" width=\"800\" height=\"534\" src=\"https:\/\/www.enerkom-plzensko.cz\/wp-content\/uploads\/2025\/10\/energofest1-1024x683.jpg\" class=\"attachment-large size-large wp-image-1783\" alt=\"\" srcset=\"https:\/\/www.enerkom-plzensko.cz\/wp-content\/uploads\/2025\/10\/energofest1-1024x683.jpg 1024w, https:\/\/www.enerkom-plzensko.cz\/wp-content\/uploads\/2025\/10\/energofest1-300x200.jpg 300w, https:\/\/www.enerkom-plzensko.cz\/wp-content\/uploads\/2025\/10\/energofest1-768x512.jpg 768w, https:\/\/www.enerkom-plzensko.cz\/wp-content\/uploads\/2025\/10\/energofest1-1536x1024.jpg 1536w, https:\/\/www.enerkom-plzensko.cz\/wp-content\/uploads\/2025\/10\/energofest1-2048x1365.jpg 2048w\" sizes=\"(max-width: 800px) 100vw, 800px\" \/>\t\t\t\t\t\t\t\t\t\t\t\t\t\t\t<\/div>\n\t\t\t\t<\/div>\n\t\t\t\t<div class=\"elementor-element elementor-element-75197aa elementor-widget elementor-widget-text-editor\" data-id=\"75197aa\" data-element_type=\"widget\" data-e-type=\"widget\" data-widget_type=\"text-editor.default\">\n\t\t\t\t<div class=\"elementor-widget-container\">\n\t\t\t\t\t\t\t\t\t<h2><b>Nov\u00e9 p\u0159\u00edle\u017eitosti pro obce i dom\u00e1cnosti<\/b><\/h2><p><b>Pan K\u0159\u00ed\u017e z Ministerstva \u017eivotn\u00edho prost\u0159ed\u00ed<\/b><span style=\"font-weight: 400;\"> p\u0159edstavil novinky v energetice a nov\u00e9 dota\u010dn\u00ed mo\u017enosti pro kraje, obce i dom\u00e1cnosti. Zaujala n\u00e1s podpora semin\u00e1\u0159\u016f pro ve\u0159ejnost, i kdy\u017e z praxe v\u00edme, \u017ee lid\u00e9 d\u00e1vaj\u00ed p\u0159ednost individu\u00e1ln\u00edm konzultac\u00edm \u2013 tam se toti\u017e dozv\u00ed p\u0159esn\u011b to, co pot\u0159ebuj\u00ed pro sv\u016fj d\u016fm \u010di projekt.\u00a0<\/span><i><span style=\"color: #0a0a0a; font-family: 'Google Sans', Arial, sans-serif;\">\u201e<\/span>Osobn\u00ed p\u0159\u00edstup m\u00e1 daleko v\u011bt\u0161\u00ed hodnotu ne\u017e t\u0159\u00edhodinov\u00fd semin\u00e1\u0159,\u201d<\/i> zazn\u00edvalo z publika.<\/p><p><span style=\"font-weight: 400;\">Zku\u0161enost z programu <\/span><b>EnKo MAS<\/b><span style=\"font-weight: 400;\"> ukazuje, \u017ee individu\u00e1ln\u00ed poradenstv\u00ed m\u011blo od lid\u00ed skv\u011blou odezvu a poradci jsou st\u00e1le \u017e\u00e1dan\u00ed. V\u011b\u0159\u00edme, \u017ee na tuto formu podpory dal\u0161\u00ed dota\u010dn\u00ed programy je\u0161t\u011b nav\u00e1\u017e\u00ed.<\/span><\/p>\t\t\t\t\t\t\t\t<\/div>\n\t\t\t\t<\/div>\n\t\t\t\t<div class=\"elementor-element elementor-element-bf73a19 elementor-widget__width-initial elementor-widget elementor-widget-image\" data-id=\"bf73a19\" data-element_type=\"widget\" data-e-type=\"widget\" data-widget_type=\"image.default\">\n\t\t\t\t<div class=\"elementor-widget-container\">\n\t\t\t\t\t\t\t\t\t\t\t\t\t\t\t<img decoding=\"async\" width=\"800\" height=\"600\" src=\"https:\/\/www.enerkom-plzensko.cz\/wp-content\/uploads\/2025\/10\/energofest2-1-1024x768.jpeg\" class=\"attachment-large size-large wp-image-1784\" alt=\"\" srcset=\"https:\/\/www.enerkom-plzensko.cz\/wp-content\/uploads\/2025\/10\/energofest2-1-1024x768.jpeg 1024w, https:\/\/www.enerkom-plzensko.cz\/wp-content\/uploads\/2025\/10\/energofest2-1-300x225.jpeg 300w, https:\/\/www.enerkom-plzensko.cz\/wp-content\/uploads\/2025\/10\/energofest2-1-768x576.jpeg 768w, https:\/\/www.enerkom-plzensko.cz\/wp-content\/uploads\/2025\/10\/energofest2-1-1536x1152.jpeg 1536w, https:\/\/www.enerkom-plzensko.cz\/wp-content\/uploads\/2025\/10\/energofest2-1-2048x1536.jpeg 2048w\" sizes=\"(max-width: 800px) 100vw, 800px\" \/>\t\t\t\t\t\t\t\t\t\t\t\t\t\t\t<\/div>\n\t\t\t\t<\/div>\n\t\t\t\t<div class=\"elementor-element elementor-element-1091f15 elementor-widget elementor-widget-text-editor\" data-id=\"1091f15\" data-element_type=\"widget\" data-e-type=\"widget\" data-widget_type=\"text-editor.default\">\n\t\t\t\t<div class=\"elementor-widget-container\">\n\t\t\t\t\t\t\t\t\t<h2><b>Obce na Plze\u0148sku se probouzej\u00ed, i kdy\u017e trochu pozd\u011b<\/b><\/h2><p><span style=\"font-weight: 400;\">V ENERKOM Plze\u0148sko se tak\u00e9 v\u011bnujeme p\u0159\u00edprav\u011b <\/span><b>m\u00edstn\u00edch energetick\u00fdch koncepc\u00ed (MEK)<\/b><span style=\"font-weight: 400;\">. Tyto dokumenty pom\u00e1haj\u00ed obc\u00edm l\u00e9pe hospoda\u0159it s energiemi, ale jejich podpora bohu\u017eel zkon\u010dila. Nahrazuje ji sice dotace na tvorbu <\/span><b>SECAP+<\/b><span style=\"font-weight: 400;\">, ale ta je ur\u010dena obc\u00edm nad 3 000 obyvatel, nav\u00edc s velmi n\u00edzkou podporou, jen 60 %.<\/span><\/p><p><span style=\"font-weight: 400;\">Od roku 2026 tak\u00e9 vstoup\u00ed v platnost <\/span><b>renova\u010dn\u00ed pasy<\/b><span style=\"font-weight: 400;\"> \u2013 dlouhodob\u00e9 pl\u00e1ny, kter\u00e9 majitel\u016fm pomohou krok za krokem zvy\u0161ovat energetickou efektivitu jejich dom\u016f a dal\u0161\u00edch budov. I na tyto novinky se v ENERKOMu p\u0159ipravujeme a v\u010das d\u00e1me v\u011bd\u011bt, jak v\u00e1m budeme n\u00e1pomocni.<\/span><\/p><h2><b>Jak podpo\u0159it vytvo\u0159en\u00e1 energetick\u00e1 spole\u010denstv\u00ed tak, aby to d\u00e1valo smysl?<\/b><\/h2><p><span style=\"font-weight: 400;\">Velkou pozornost p\u0159it\u00e1hl p\u0159ipravovan\u00fd program <\/span><b>KOMUNERG<\/b><span style=\"font-weight: 400;\">, investi\u010dn\u00ed dotace pro energetick\u00e1 spole\u010denstv\u00ed. Se z\u00e1stupci ministerstva jsme vedli \u017eivou debatu o pravidlech a jejich praktick\u00e9m dopadu.<\/span><\/p><p><span style=\"font-weight: 400;\">Za ENERKOM Plze\u0148sko jsme zd\u016fraznili, \u017ee dota\u010dn\u00ed program mus\u00ed podpo\u0159it <\/span><b>investice do nov\u00fdch zdroj\u016f a elektromobility<\/b><span style=\"font-weight: 400;\">, <\/span><b>omezit byrokracii<\/b><span style=\"font-weight: 400;\"> a vn\u00edmat energetick\u00e1 spole\u010denstv\u00ed jako <\/span><b>partnery rozvoje region\u016f, nikoli jako korporace zam\u011b\u0159en\u00e9 \u010dist\u011b na zisk<\/b><span style=\"font-weight: 400;\">.<\/span><\/p>\t\t\t\t\t\t\t\t<\/div>\n\t\t\t\t<\/div>\n\t\t\t\t<div class=\"elementor-element elementor-element-f9c1252 elementor-widget__width-initial elementor-widget elementor-widget-image\" data-id=\"f9c1252\" data-element_type=\"widget\" data-e-type=\"widget\" data-widget_type=\"image.default\">\n\t\t\t\t<div class=\"elementor-widget-container\">\n\t\t\t\t\t\t\t\t\t\t\t\t\t\t\t<img loading=\"lazy\" decoding=\"async\" width=\"800\" height=\"534\" src=\"https:\/\/www.enerkom-plzensko.cz\/wp-content\/uploads\/2025\/10\/energofest3-1024x683.jpg\" class=\"attachment-large size-large wp-image-1785\" alt=\"\" srcset=\"https:\/\/www.enerkom-plzensko.cz\/wp-content\/uploads\/2025\/10\/energofest3-1024x683.jpg 1024w, https:\/\/www.enerkom-plzensko.cz\/wp-content\/uploads\/2025\/10\/energofest3-300x200.jpg 300w, https:\/\/www.enerkom-plzensko.cz\/wp-content\/uploads\/2025\/10\/energofest3-768x512.jpg 768w, https:\/\/www.enerkom-plzensko.cz\/wp-content\/uploads\/2025\/10\/energofest3-1536x1024.jpg 1536w, https:\/\/www.enerkom-plzensko.cz\/wp-content\/uploads\/2025\/10\/energofest3-2048x1365.jpg 2048w\" sizes=\"(max-width: 800px) 100vw, 800px\" \/>\t\t\t\t\t\t\t\t\t\t\t\t\t\t\t<\/div>\n\t\t\t\t<\/div>\n\t\t\t\t<div class=\"elementor-element elementor-element-bc01257 elementor-widget elementor-widget-text-editor\" data-id=\"bc01257\" data-element_type=\"widget\" data-e-type=\"widget\" data-widget_type=\"text-editor.default\">\n\t\t\t\t<div class=\"elementor-widget-container\">\n\t\t\t\t\t\t\t\t\t<h4><b>Sd\u00edlen\u00ed zku\u0161enost\u00ed mezi funguj\u00edc\u00edmi spole\u010denstv\u00edmi<\/b><\/h4><p><span style=\"font-weight: 400;\">Na setk\u00e1n\u00ed dorazili i z\u00e1stupci energetick\u00fdch spole\u010denstv\u00ed z cel\u00e9 \u010cesk\u00e9 republiky &#8211; ENERKOMy <\/span><b>Slov\u00e1cko, Krnovsko, Podlipansko, \u0160umavsko, Opavsko nebo Dru\u017estvo Hota\u0159 z jihu Moravy<\/b><span style=\"font-weight: 400;\">. Prob\u00edrali jsme r\u016fzn\u00e9 zp\u016fsoby fungov\u00e1n\u00ed komunit, jakou podporu nyn\u00ed spole\u010denstv\u00ed pot\u0159ebuj\u00ed a jak spr\u00e1vn\u011b dolo\u017eit ve\u0161ker\u00e9 p\u0159\u00edlohy k dotaci na zakl\u00e1d\u00e1n\u00ed energetick\u00fdch spole\u010denstv\u00ed.<\/span><\/p><p><b>Martina Kr\u010dov\u00e1<\/b><span style=\"font-weight: 400;\"> z Energetick\u00e9ho regula\u010dn\u00edho \u00fa\u0159adu ocenila aktivitu spole\u010denstv\u00ed a zd\u016fraznila, \u017ee nejv\u011bt\u0161\u00ed posun nastane tehdy, kdy\u017e se propoj\u00ed teorie s prax\u00ed a z\u00e1stupci pilotn\u00edch projekt\u016f dostanou hlas i v pracovn\u00edch skupin\u00e1ch St\u00e1tn\u00edho fondu \u017eivotn\u00edho prost\u0159ed\u00ed.<\/span><\/p>\t\t\t\t\t\t\t\t<\/div>\n\t\t\t\t<\/div>\n\t\t\t\t<div class=\"elementor-element elementor-element-55ed0ce elementor-widget__width-initial elementor-widget elementor-widget-image\" data-id=\"55ed0ce\" data-element_type=\"widget\" data-e-type=\"widget\" data-widget_type=\"image.default\">\n\t\t\t\t<div class=\"elementor-widget-container\">\n\t\t\t\t\t\t\t\t\t\t\t\t\t\t\t<img loading=\"lazy\" decoding=\"async\" width=\"768\" height=\"1024\" src=\"https:\/\/www.enerkom-plzensko.cz\/wp-content\/uploads\/2025\/10\/energofest4-768x1024.jpeg\" class=\"attachment-large size-large wp-image-1786\" alt=\"Martina Kr\u010dov\u00e1, radn\u00ed ER\u00da, na ENERGOfest 2025.\" srcset=\"https:\/\/www.enerkom-plzensko.cz\/wp-content\/uploads\/2025\/10\/energofest4-768x1024.jpeg 768w, https:\/\/www.enerkom-plzensko.cz\/wp-content\/uploads\/2025\/10\/energofest4-225x300.jpeg 225w, https:\/\/www.enerkom-plzensko.cz\/wp-content\/uploads\/2025\/10\/energofest4-1152x1536.jpeg 1152w, https:\/\/www.enerkom-plzensko.cz\/wp-content\/uploads\/2025\/10\/energofest4-1536x2048.jpeg 1536w, https:\/\/www.enerkom-plzensko.cz\/wp-content\/uploads\/2025\/10\/energofest4-scaled.jpeg 1920w\" sizes=\"(max-width: 768px) 100vw, 768px\" \/>\t\t\t\t\t\t\t\t\t\t\t\t\t\t\t<\/div>\n\t\t\t\t<\/div>\n\t\t\t\t<div class=\"elementor-element elementor-element-a462224 elementor-widget elementor-widget-text-editor\" data-id=\"a462224\" data-element_type=\"widget\" data-e-type=\"widget\" data-widget_type=\"text-editor.default\">\n\t\t\t\t<div class=\"elementor-widget-container\">\n\t\t\t\t\t\t\t\t\t<h4><b>Pom\u00e1h\u00e1me tam, kde je to nejv\u00edc pot\u0159eba<\/b><\/h4>\n<p><span style=\"font-weight: 400;\">Z\u00e1v\u011bre\u010dn\u00e9 t\u00e9ma ENERGOFestu se dotklo soci\u00e1ln\u00ed oblasti. Ve Zb\u016fchu chceme pom\u00e1hat <\/span><b>soci\u00e1ln\u011b slab\u0161\u00edm dom\u00e1cnostem<\/b><span style=\"font-weight: 400;\"> a p\u0159edch\u00e1zet <\/span><b>energetick\u00e9 chudob\u011b<\/b><span style=\"font-weight: 400;\">. U\u017e jsme vytipovali asi 20 dom\u00e1cnost\u00ed, kter\u00fdm chceme nab\u00eddnout individu\u00e1ln\u00ed podporu \u2013 nejen p\u0159i \u00faspor\u00e1ch energie, ale i zlep\u0161en\u00ed \u017eivotn\u00edho stylu. Komunitn\u00ed energetika toti\u017e nen\u00ed jen o kilowatthodin\u00e1ch, ale o <\/span><b>vz\u00e1jemn\u00e9 solidarit\u011b<\/b><span style=\"font-weight: 400;\">.<\/span><\/p>\n<h4><b>S novou energi\u00ed do dal\u0161\u00edch (k)rok\u016f<\/b><\/h4>\n<p><span style=\"font-weight: 400;\">Bl\u00ed\u017e\u00ed se konec roku, co\u017e je obvykle vy\u010derp\u00e1vaj\u00edc\u00ed obdob\u00ed, ale ENERGOfest n\u00e1s docela nabil. V\u00edme, \u017ee n\u00e1s \u010dek\u00e1 je\u0161t\u011b hodn\u011b pr\u00e1ce, ale tak\u00e9 vid\u00edme, \u017ee drobn\u00fdmi kroky dok\u00e1\u017eeme m\u011bnit na\u0161e okol\u00ed k lep\u0161\u00edmu.<\/span><\/p>\n<h3><span style=\"font-weight: 400;\">Dal\u0161\u00ed \u010dl\u00e1nky<\/span><\/h3>\n<ul>\n<li><a href=\"https:\/\/www.enerkom-plzensko.cz\/index.php\/2025\/10\/12\/enerkom-v-reportazi-ceskeho-rozhlasu\/\">ENERKOM v report\u00e1\u017ei \u010cesk\u00e9ho rozhlasu<\/a><\/li>\n<li><a href=\"https:\/\/www.enerkom-plzensko.cz\/index.php\/2025\/10\/05\/uz-2-roky-enerkom-plzensko-spojuje-lidi-nejen-sdilenou-energii-pripomente-si-co-jsme-zatim-zvladli\/\">U\u017e 2 roky ENERKOM Plze\u0148sko spojuje lidi nejen sd\u00edlenou energi\u00ed. P\u0159ipome\u0148te si, co jsme zat\u00edm zvl\u00e1dli.<\/a><\/li>\n<li>&nbsp;<a href=\"https:\/\/www.enerkom-plzensko.cz\/index.php\/2025\/08\/25\/za-dobrou-praxi-do-jizniho-tyrolska\/\">Za dobrou prax\u00ed do Ji\u017en\u00edho Tyrolska<\/a><\/li>\n<\/ul>\t\t\t\t\t\t\t\t<\/div>\n\t\t\t\t<\/div>\n\t\t\t\t<\/div>\n\t\t\t\t<\/div>\n\t\t\t\t<\/div>\n\t\t\t\t\t<\/div>\n\t\t\t\t<\/div>\n\t\t\t\t<\/div>\n\t\t","protected":false},"excerpt":{"rendered":"<p>Energetick\u00e1 spole\u010denstv\u00ed nejl\u00e9pe znaj\u00ed sv\u00e9 lidi i sv\u00e9 mo\u017enosti. ENERGOFest 2025 uk\u00e1zal, \u017ee regiony jsou p\u0159ipraven\u00e9 m\u011bnit energetiku k lep\u0161\u00edmu \u2013 pokud dostanou d\u016fv\u011bru a prostor od t\u011bch, kte\u0159\u00ed o pravidlech rozhoduj\u00ed.<\/p>\n","protected":false},"author":2,"featured_media":1759,"comment_status":"closed","ping_status":"open","sticky":false,"template":"elementor_header_footer","format":"standard","meta":{"inline_featured_image":false,"footnotes":""},"categories":[7],"tags":[],"class_list":["post-1763","post","type-post","status-publish","format-standard","has-post-thumbnail","hentry","category-akce"],"_links":{"self":[{"href":"https:\/\/www.enerkom-plzensko.cz\/index.php\/wp-json\/wp\/v2\/posts\/1763","targetHints":{"allow":["GET"]}}],"collection":[{"href":"https:\/\/www.enerkom-plzensko.cz\/index.php\/wp-json\/wp\/v2\/posts"}],"about":[{"href":"https:\/\/www.enerkom-plzensko.cz\/index.php\/wp-json\/wp\/v2\/types\/post"}],"author":[{"embeddable":true,"href":"https:\/\/www.enerkom-plzensko.cz\/index.php\/wp-json\/wp\/v2\/users\/2"}],"replies":[{"embeddable":true,"href":"https:\/\/www.enerkom-plzensko.cz\/index.php\/wp-json\/wp\/v2\/comments?post=1763"}],"version-history":[{"count":36,"href":"https:\/\/www.enerkom-plzensko.cz\/index.php\/wp-json\/wp\/v2\/posts\/1763\/revisions"}],"predecessor-version":[{"id":1845,"href":"https:\/\/www.enerkom-plzensko.cz\/index.php\/wp-json\/wp\/v2\/posts\/1763\/revisions\/1845"}],"wp:featuredmedia":[{"embeddable":true,"href":"https:\/\/www.enerkom-plzensko.cz\/index.php\/wp-json\/wp\/v2\/media\/1759"}],"wp:attachment":[{"href":"https:\/\/www.enerkom-plzensko.cz\/index.php\/wp-json\/wp\/v2\/media?parent=1763"}],"wp:term":[{"taxonomy":"category","embeddable":true,"href":"https:\/\/www.enerkom-plzensko.cz\/index.php\/wp-json\/wp\/v2\/categories?post=1763"},{"taxonomy":"post_tag","embeddable":true,"href":"https:\/\/www.enerkom-plzensko.cz\/index.php\/wp-json\/wp\/v2\/tags?post=1763"}],"curies":[{"name":"wp","href":"https:\/\/api.w.org\/{rel}","templated":true}]}}