{"id":1829,"date":"2026-01-25T20:18:36","date_gmt":"2026-01-25T19:18:36","guid":{"rendered":"https:\/\/www.enerkom-plzensko.cz\/?p=1829"},"modified":"2026-02-08T20:57:04","modified_gmt":"2026-02-08T19:57:04","slug":"jak-si-enerkom-plzensko-vedl-v-roce-2025-a-co-nas-ceka-v-budoucnu","status":"publish","type":"post","link":"https:\/\/www.enerkom-plzensko.cz\/index.php\/2026\/01\/25\/jak-si-enerkom-plzensko-vedl-v-roce-2025-a-co-nas-ceka-v-budoucnu\/","title":{"rendered":"Jak si ENERKOM Plze\u0148sko vedl v roce 2025 a co n\u00e1s \u010dek\u00e1 v budoucnu?"},"content":{"rendered":"\t\t<div data-elementor-type=\"wp-post\" data-elementor-id=\"1829\" class=\"elementor elementor-1829\" data-elementor-settings=\"{&quot;element_pack_global_tooltip_width&quot;:{&quot;unit&quot;:&quot;px&quot;,&quot;size&quot;:&quot;&quot;,&quot;sizes&quot;:[]},&quot;element_pack_global_tooltip_width_tablet&quot;:{&quot;unit&quot;:&quot;px&quot;,&quot;size&quot;:&quot;&quot;,&quot;sizes&quot;:[]},&quot;element_pack_global_tooltip_width_mobile&quot;:{&quot;unit&quot;:&quot;px&quot;,&quot;size&quot;:&quot;&quot;,&quot;sizes&quot;:[]},&quot;element_pack_global_tooltip_padding&quot;:{&quot;unit&quot;:&quot;px&quot;,&quot;top&quot;:&quot;&quot;,&quot;right&quot;:&quot;&quot;,&quot;bottom&quot;:&quot;&quot;,&quot;left&quot;:&quot;&quot;,&quot;isLinked&quot;:true},&quot;element_pack_global_tooltip_padding_tablet&quot;:{&quot;unit&quot;:&quot;px&quot;,&quot;top&quot;:&quot;&quot;,&quot;right&quot;:&quot;&quot;,&quot;bottom&quot;:&quot;&quot;,&quot;left&quot;:&quot;&quot;,&quot;isLinked&quot;:true},&quot;element_pack_global_tooltip_padding_mobile&quot;:{&quot;unit&quot;:&quot;px&quot;,&quot;top&quot;:&quot;&quot;,&quot;right&quot;:&quot;&quot;,&quot;bottom&quot;:&quot;&quot;,&quot;left&quot;:&quot;&quot;,&quot;isLinked&quot;:true},&quot;element_pack_global_tooltip_border_radius&quot;:{&quot;unit&quot;:&quot;px&quot;,&quot;top&quot;:&quot;&quot;,&quot;right&quot;:&quot;&quot;,&quot;bottom&quot;:&quot;&quot;,&quot;left&quot;:&quot;&quot;,&quot;isLinked&quot;:true},&quot;element_pack_global_tooltip_border_radius_tablet&quot;:{&quot;unit&quot;:&quot;px&quot;,&quot;top&quot;:&quot;&quot;,&quot;right&quot;:&quot;&quot;,&quot;bottom&quot;:&quot;&quot;,&quot;left&quot;:&quot;&quot;,&quot;isLinked&quot;:true},&quot;element_pack_global_tooltip_border_radius_mobile&quot;:{&quot;unit&quot;:&quot;px&quot;,&quot;top&quot;:&quot;&quot;,&quot;right&quot;:&quot;&quot;,&quot;bottom&quot;:&quot;&quot;,&quot;left&quot;:&quot;&quot;,&quot;isLinked&quot;:true}}\" data-elementor-post-type=\"post\">\n\t\t\t\t<div class=\"elementor-element elementor-element-2fc606f2 e-flex e-con-boxed e-con e-parent\" data-id=\"2fc606f2\" data-element_type=\"container\" data-e-type=\"container\">\n\t\t\t\t\t<div class=\"e-con-inner\">\n\t\t<div class=\"elementor-element elementor-element-38ba574 e-con-full e-flex e-con e-child\" data-id=\"38ba574\" data-element_type=\"container\" data-e-type=\"container\">\n\t\t<div class=\"elementor-element elementor-element-66b9466 e-con-full e-flex e-con e-child\" data-id=\"66b9466\" data-element_type=\"container\" data-e-type=\"container\">\n\t\t\t\t<div class=\"elementor-element elementor-element-41b7993 elementor-widget elementor-widget-theme-post-title elementor-page-title elementor-widget-heading\" data-id=\"41b7993\" data-element_type=\"widget\" data-e-type=\"widget\" data-widget_type=\"theme-post-title.default\">\n\t\t\t\t<div class=\"elementor-widget-container\">\n\t\t\t\t\t<h1 class=\"elementor-heading-title elementor-size-default\">Jak si ENERKOM Plze\u0148sko vedl v roce 2025 a co n\u00e1s \u010dek\u00e1 v budoucnu?<\/h1>\t\t\t\t<\/div>\n\t\t\t\t<\/div>\n\t\t\t\t<div class=\"elementor-element elementor-element-0e1e63b elementor-widget elementor-widget-image\" data-id=\"0e1e63b\" data-element_type=\"widget\" data-e-type=\"widget\" data-widget_type=\"image.default\">\n\t\t\t\t<div class=\"elementor-widget-container\">\n\t\t\t\t\t\t\t\t\t\t\t\t\t\t\t<img decoding=\"async\" width=\"88\" height=\"6\" src=\"https:\/\/www.enerkom-plzensko.cz\/wp-content\/uploads\/2025\/08\/gfx_nadpis-3.png\" class=\"attachment-large size-large wp-image-297\" alt=\"\" \/>\t\t\t\t\t\t\t\t\t\t\t\t\t\t\t<\/div>\n\t\t\t\t<\/div>\n\t\t\t\t<\/div>\n\t\t<div class=\"elementor-element elementor-element-3629977 e-con-full e-flex e-con e-child\" data-id=\"3629977\" data-element_type=\"container\" data-e-type=\"container\">\n\t\t<div class=\"elementor-element elementor-element-cd72835 e-con-full e-flex e-con e-child\" data-id=\"cd72835\" data-element_type=\"container\" data-e-type=\"container\">\n\t\t\t\t<div class=\"elementor-element elementor-element-b2931e8 elementor-widget elementor-widget-text-editor\" data-id=\"b2931e8\" data-element_type=\"widget\" data-e-type=\"widget\" data-widget_type=\"text-editor.default\">\n\t\t\t\t<div class=\"elementor-widget-container\">\n\t\t\t\t\t\t\t\t\t<p><b>Komunitn\u00ed energetika se bude v budoucnu l\u00e1mat v jedn\u00e9 v\u011bci: jestli um\u00ed p\u0159in\u00e9st m\u011b\u0159iteln\u00fd p\u0159\u00ednos obci a jej\u00edm obyvatel\u016fm. V ENERKOM Plze\u0148sko proto sb\u00edr\u00e1me zku\u0161enosti z re\u00e1ln\u00e9ho provozu v energetick\u00e9m spole\u010denstv\u00ed ve Zb\u016fchu a vid\u00edme, \u017ee o jeho \u00fasp\u011bchu rozhoduje dobr\u00e9 \u0159\u00edzen\u00ed, kvalitn\u00ed p\u0159\u00edprava a i dostupn\u00e9 zdroje obnoviteln\u00e9 elekt\u0159iny.<\/b><\/p>\t\t\t\t\t\t\t\t<\/div>\n\t\t\t\t<\/div>\n\t\t\t\t<\/div>\n\t\t<div class=\"elementor-element elementor-element-0ae9ef1 e-con-full e-flex e-con e-child\" data-id=\"0ae9ef1\" data-element_type=\"container\" data-e-type=\"container\">\n\t\t\t\t<div class=\"elementor-element elementor-element-8b7194b elementor-widget__width-initial elementor-widget elementor-widget-image\" data-id=\"8b7194b\" data-element_type=\"widget\" data-e-type=\"widget\" data-widget_type=\"image.default\">\n\t\t\t\t<div class=\"elementor-widget-container\">\n\t\t\t\t\t\t\t\t\t\t\t\t\t\t\t<img fetchpriority=\"high\" decoding=\"async\" width=\"800\" height=\"600\" src=\"https:\/\/www.enerkom-plzensko.cz\/wp-content\/uploads\/2026\/01\/DJI_20260111125954_0017_V-1024x768.jpg\" class=\"attachment-large size-large wp-image-1830\" alt=\"ENERKOM Zb\u016fch\" srcset=\"https:\/\/www.enerkom-plzensko.cz\/wp-content\/uploads\/2026\/01\/DJI_20260111125954_0017_V-1024x768.jpg 1024w, https:\/\/www.enerkom-plzensko.cz\/wp-content\/uploads\/2026\/01\/DJI_20260111125954_0017_V-300x225.jpg 300w, https:\/\/www.enerkom-plzensko.cz\/wp-content\/uploads\/2026\/01\/DJI_20260111125954_0017_V-768x576.jpg 768w, https:\/\/www.enerkom-plzensko.cz\/wp-content\/uploads\/2026\/01\/DJI_20260111125954_0017_V-1536x1152.jpg 1536w, https:\/\/www.enerkom-plzensko.cz\/wp-content\/uploads\/2026\/01\/DJI_20260111125954_0017_V-2048x1536.jpg 2048w\" sizes=\"(max-width: 800px) 100vw, 800px\" \/>\t\t\t\t\t\t\t\t\t\t\t\t\t\t\t<\/div>\n\t\t\t\t<\/div>\n\t\t\t\t<div class=\"elementor-element elementor-element-75197aa elementor-widget elementor-widget-text-editor\" data-id=\"75197aa\" data-element_type=\"widget\" data-e-type=\"widget\" data-widget_type=\"text-editor.default\">\n\t\t\t\t<div class=\"elementor-widget-container\">\n\t\t\t\t\t\t\t\t\t<h3><b>V\u00fdsledky sd\u00edlen\u00ed elekt\u0159iny ve Zb\u016fchu do konce roku 2025<\/b><\/h3><p><span style=\"font-weight: 400;\">ENERKOM Zb\u016fch v roce <\/span><b>2025<\/b><span style=\"font-weight: 400;\"> sd\u00edlel elekt\u0159inu z kombinace <\/span><b>fotovoltaick\u00fdch elektr\u00e1ren<\/b><span style=\"font-weight: 400;\"> a <\/span><b>bioplynov\u00e9 stanice<\/b><span style=\"font-weight: 400;\">. Celkem se poda\u0159ilo nasd\u00edlet <\/span><b>v\u00edce ne\u017e 77 MWh<\/b><span style=\"font-weight: 400;\">, co\u017e odpov\u00edd\u00e1 p\u0159ibli\u017en\u00e9 ro\u010dn\u00ed spot\u0159eb\u011b asi <\/span><b>25 dom\u00e1cnost\u00ed<\/b><span style=\"font-weight: 400;\">. Nejv\u011bt\u0161\u00ed pod\u00edl sd\u00edlen\u00e9 elekt\u0159iny sm\u011b\u0159oval do <\/span><b>domu s pe\u010dovatelskou slu\u017ebou<\/b><span style=\"font-weight: 400;\">, n\u00e1sledn\u011b do <\/span><b>dom\u00e1cnost\u00ed<\/b><span style=\"font-weight: 400;\"> v obci.<\/span><\/p><p><span style=\"font-weight: 400;\">Za tento v\u00fdsledek pat\u0159\u00ed pod\u011bkov\u00e1n\u00ed tak\u00e9 <\/span><b>bioplynov\u00e9 stanici firmy Agro Energy a panu \u0160tef\u00e1nkovi<\/b><span style=\"font-weight: 400;\">, kter\u00e1 v\u00fdznamn\u011b p\u0159isp\u00edv\u00e1 k plynul\u00e9mu fungov\u00e1n\u00ed sd\u00edlen\u00ed i v obdob\u00edch, kdy je v\u00fdroba z fotovoltaiky ni\u017e\u0161\u00ed. D\u011bkujeme za spolupr\u00e1ci a podporu lok\u00e1ln\u00ed energetiky ve Zb\u016fchu.<\/span><\/p>\t\t\t\t\t\t\t\t<\/div>\n\t\t\t\t<\/div>\n\t\t\t\t<div class=\"elementor-element elementor-element-bf73a19 elementor-widget__width-initial elementor-widget elementor-widget-image\" data-id=\"bf73a19\" data-element_type=\"widget\" data-e-type=\"widget\" data-widget_type=\"image.default\">\n\t\t\t\t<div class=\"elementor-widget-container\">\n\t\t\t\t\t\t\t\t\t\t\t\t\t\t\t<img decoding=\"async\" width=\"800\" height=\"674\" src=\"https:\/\/www.enerkom-plzensko.cz\/wp-content\/uploads\/2026\/01\/sdileni-4.Q.png\" class=\"attachment-large size-large wp-image-1832\" alt=\"Sd\u00edlen\u00ed elekt\u0159iny - v\u00fdsledky ve Zb\u016fchu\" srcset=\"https:\/\/www.enerkom-plzensko.cz\/wp-content\/uploads\/2026\/01\/sdileni-4.Q.png 1000w, https:\/\/www.enerkom-plzensko.cz\/wp-content\/uploads\/2026\/01\/sdileni-4.Q-300x253.png 300w, https:\/\/www.enerkom-plzensko.cz\/wp-content\/uploads\/2026\/01\/sdileni-4.Q-768x647.png 768w\" sizes=\"(max-width: 800px) 100vw, 800px\" \/>\t\t\t\t\t\t\t\t\t\t\t\t\t\t\t<\/div>\n\t\t\t\t<\/div>\n\t\t\t\t<div class=\"elementor-element elementor-element-1091f15 elementor-widget elementor-widget-text-editor\" data-id=\"1091f15\" data-element_type=\"widget\" data-e-type=\"widget\" data-widget_type=\"text-editor.default\">\n\t\t\t\t<div class=\"elementor-widget-container\">\n\t\t\t\t\t\t\t\t\t<h2><b>Sd\u00edlen\u00ed elekt\u0159iny nen\u00ed jen o technologi\u00edch. D\u016fle\u017eit\u00e9 je um\u011bt elekt\u0159inu f\u00e9rov\u011b vy\u00fa\u010dtovat<\/b><\/h2><p><span style=\"font-weight: 400;\">Nejv\u011bt\u0161\u00ed provozn\u00ed v\u00fdzva nejen u n\u00e1s, ale nap\u0159\u00ed\u010d energetick\u00fdmi spole\u010denstv\u00edmi z\u016fst\u00e1v\u00e1 stejn\u00e1: <\/span><b>spravedliv\u00e9 a spr\u00e1vn\u00e9 roz\u00fa\u010dtov\u00e1n\u00ed sd\u00edlen\u00e9 elekt\u0159iny<\/b><span style=\"font-weight: 400;\">. Na pap\u00ed\u0159e to vypad\u00e1 jednodu\u0161e, ale v praxi jde o kombinaci:<\/span><\/p><ul><li style=\"font-weight: 400;\" aria-level=\"1\"><span style=\"font-weight: 400;\">technick\u00fdch podm\u00ednek, pravidel a dostupn\u00fdch zdroj\u016f,<\/span><\/li><li style=\"font-weight: 400;\" aria-level=\"1\"><span style=\"font-weight: 400;\">ekonomiky projektu,<\/span><\/li><li style=\"font-weight: 400;\" aria-level=\"1\"><span style=\"font-weight: 400;\">a d\u016fv\u011bry mezi \u010dleny.<\/span><\/li><\/ul><p><span style=\"font-weight: 400;\">Ka\u017ed\u00e9 spole\u010denstv\u00ed pot\u0159ebuje syst\u00e9m, kter\u00e9mu lid\u00e9 rozum\u00ed a kter\u00fd vn\u00edmaj\u00ed jako f\u00e9rov\u00fd. Ve Zb\u016fchu jsme tomu v\u011bnovali velkou pozornost i na posledn\u00ed valn\u00e9 hromad\u011b, kde jsme se zam\u011b\u0159ili na vy\u00fa\u010dtov\u00e1n\u00ed za obdob\u00ed <\/span><b>1. 10. \u2013 31. 12. 2025<\/b><span style=\"font-weight: 400;\"> a nastavov\u00e1n\u00ed transparentn\u00edch pravidel pro dal\u0161\u00ed rozvoj ENERKOMu Zb\u016fch.<\/span><\/p><h2><b>Pasporty budov: nejv\u011bt\u0161\u00ed \u201eneviditeln\u00fd\u201c dluh obc\u00ed a riziko sankc\u00ed<\/b><\/h2><p><span style=\"font-weight: 400;\">Na ned\u00e1vn\u00e9 VIDA Konferenci o energetick\u00e9m managementu jsme narazili na nov\u00e9 povinnosti pro obce. Spousta z nich dnes nem\u00e1 aktu\u00e1ln\u00ed p\u0159ehled o sv\u00fdch budov\u00e1ch a neznaj\u00ed jejich technick\u00fd stav, energetickou n\u00e1ro\u010dnost, provozn\u00ed data \u010di jim sch\u00e1z\u00ed n\u00e1vazn\u00e1 dokumentace. P\u0159itom pr\u00e1v\u011b pasporty budov a souvisej\u00edc\u00ed podklady jsou z\u00e1klad pro:<\/span><\/p><ul><li style=\"font-weight: 400;\" aria-level=\"1\"><span style=\"font-weight: 400;\">energetick\u00fd management,<\/span><\/li><li style=\"font-weight: 400;\" aria-level=\"1\"><span style=\"font-weight: 400;\">p\u0159\u00edpravu projekt\u016f a \u017e\u00e1dost\u00ed o dotace,<\/span><\/li><li style=\"font-weight: 400;\" aria-level=\"1\"><span style=\"font-weight: 400;\">a co je nejd\u016fle\u017eit\u011bj\u0161\u00ed &#8211; <\/span><b>spln\u011bn\u00ed z\u00e1konn\u00fdch povinnost\u00ed<\/b><span style=\"font-weight: 400;\">.<\/span><span style=\"font-weight: 400;\"><br \/><br \/><\/span><\/li><\/ul><p><span style=\"font-weight: 400;\">Bez nich se obce a m\u011bsta vystavuj\u00ed <\/span><b>re\u00e1ln\u00e9mu riziku vysok\u00fdch sankc\u00ed (a\u017e 400 000 K\u010d)<\/b><span style=\"font-weight: 400;\">. Nav\u00edc se v tomhle prost\u0159ed\u00ed objevuj\u00ed nekvalitn\u00ed dodavatel\u00e9, kte\u0159\u00ed sl\u00edb\u00ed rychl\u00e9 \u0159e\u0161en\u00ed, ale nedodaj\u00ed kvalitn\u00ed v\u00fdstup nebo pr\u00e1ci nedot\u00e1hnou do konce \u2014 a starostov\u00e9, zejm\u00e9na v mal\u00fdch obc\u00edch, se pak t\u011b\u017eko orientuj\u00ed, komu v\u011b\u0159it.<\/span><\/p><p><span style=\"font-weight: 400;\">Dob\u0159e zpracovan\u00e1 <\/span><b>m\u00edstn\u00ed energetick\u00e1 koncepce<\/b><span style=\"font-weight: 400;\"> um\u00ed fungovat jako \u201einventarizace\u201c budov a jasn\u00fd pl\u00e1n krok\u016f podle dat.<\/span><\/p>\t\t\t\t\t\t\t\t<\/div>\n\t\t\t\t<\/div>\n\t\t\t\t<div class=\"elementor-element elementor-element-f9c1252 elementor-widget__width-initial elementor-widget elementor-widget-image\" data-id=\"f9c1252\" data-element_type=\"widget\" data-e-type=\"widget\" data-widget_type=\"image.default\">\n\t\t\t\t<div class=\"elementor-widget-container\">\n\t\t\t\t\t\t\t\t\t\t\t\t\t\t\t<img loading=\"lazy\" decoding=\"async\" width=\"800\" height=\"445\" src=\"https:\/\/www.enerkom-plzensko.cz\/wp-content\/uploads\/2026\/01\/Pasporty.jpeg\" class=\"attachment-large size-large wp-image-1831\" alt=\"Pasporty budov\" srcset=\"https:\/\/www.enerkom-plzensko.cz\/wp-content\/uploads\/2026\/01\/Pasporty.jpeg 950w, https:\/\/www.enerkom-plzensko.cz\/wp-content\/uploads\/2026\/01\/Pasporty-300x167.jpeg 300w, https:\/\/www.enerkom-plzensko.cz\/wp-content\/uploads\/2026\/01\/Pasporty-768x427.jpeg 768w\" sizes=\"(max-width: 800px) 100vw, 800px\" \/>\t\t\t\t\t\t\t\t\t\t\t\t\t\t\t<\/div>\n\t\t\t\t<\/div>\n\t\t\t\t<div class=\"elementor-element elementor-element-bc01257 elementor-widget elementor-widget-text-editor\" data-id=\"bc01257\" data-element_type=\"widget\" data-e-type=\"widget\" data-widget_type=\"text-editor.default\">\n\t\t\t\t<div class=\"elementor-widget-container\">\n\t\t\t\t\t\t\t\t\t<h2><b>Nejistota ve financov\u00e1n\u00ed. Obce i spole\u010denstv\u00ed pot\u0159ebuj\u00ed jasn\u00e9 pl\u00e1ny<\/b><\/h2><p><span style=\"font-weight: 400;\"><strong>Energetick\u00e1 spole\u010denstv\u00ed jsou ze sv\u00e9 podstaty neziskov\u00e1<\/strong> \u2014 a t\u00edm v\u00edc mus\u00ed m\u00edt dob\u0159e vy\u0159e\u0161en\u00e9 financov\u00e1n\u00ed a cashflow. Situaci ale zt\u011b\u017euje <strong>nejistota kolem dota\u010dn\u00edch program\u016f<\/strong> (nap\u0159\u00edklad u zateplov\u00e1n\u00ed), kter\u00e1 obc\u00edm komplikuje pl\u00e1nov\u00e1n\u00ed a zvy\u0161uje tlak na administrativu.<\/span><\/p><p><span style=\"font-weight: 400;\">A kdy\u017e nakonec p\u0159ijde na vypracov\u00e1n\u00ed \u017e\u00e1dosti o dotaci na nov\u00fd zdroj nebo renovaci, \u010dasto to znamen\u00e1 v\u00fdznamnou administrativn\u00ed z\u00e1t\u011b\u017e, na kterou mal\u00e9 obce nemaj\u00ed v\u017edy kapacity. Tady d\u00e1v\u00e1 smysl m\u00edt partnera, kter\u00fd pom\u016f\u017ee dr\u017eet sm\u011br, hl\u00eddat podklady a nepust\u00ed obec do projektu, kter\u00fd by se nakonec \u201ezasekl\u201c na pap\u00edrech.\u00a0<\/span><\/p>\t\t\t\t\t\t\t\t<\/div>\n\t\t\t\t<\/div>\n\t\t\t\t<div class=\"elementor-element elementor-element-55ed0ce elementor-widget__width-initial elementor-widget elementor-widget-image\" data-id=\"55ed0ce\" data-element_type=\"widget\" data-e-type=\"widget\" data-widget_type=\"image.default\">\n\t\t\t\t<div class=\"elementor-widget-container\">\n\t\t\t\t\t\t\t\t\t\t\t\t\t\t\t<img loading=\"lazy\" decoding=\"async\" width=\"800\" height=\"671\" src=\"https:\/\/www.enerkom-plzensko.cz\/wp-content\/uploads\/2026\/01\/558140433_122210889278120027_5722384011054784540_n.jpg\" class=\"attachment-large size-large wp-image-1834\" alt=\"\" srcset=\"https:\/\/www.enerkom-plzensko.cz\/wp-content\/uploads\/2026\/01\/558140433_122210889278120027_5722384011054784540_n.jpg 940w, https:\/\/www.enerkom-plzensko.cz\/wp-content\/uploads\/2026\/01\/558140433_122210889278120027_5722384011054784540_n-300x251.jpg 300w, https:\/\/www.enerkom-plzensko.cz\/wp-content\/uploads\/2026\/01\/558140433_122210889278120027_5722384011054784540_n-768x644.jpg 768w\" sizes=\"(max-width: 800px) 100vw, 800px\" \/>\t\t\t\t\t\t\t\t\t\t\t\t\t\t\t<\/div>\n\t\t\t\t<\/div>\n\t\t\t\t<div class=\"elementor-element elementor-element-a462224 elementor-widget elementor-widget-text-editor\" data-id=\"a462224\" data-element_type=\"widget\" data-e-type=\"widget\" data-widget_type=\"text-editor.default\">\n\t\t\t\t<div class=\"elementor-widget-container\">\n\t\t\t\t\t\t\t\t\t<h2><b>Jakou podporu m\u016f\u017eete od ENERKOM Plze\u0148sko o\u010dek\u00e1vat?<\/b><\/h2><p><span style=\"font-weight: 400;\">Jako ENERKOM Plze\u0148sko chceme b\u00fdt v <strong>energetice praktickou oporou obc\u00edm a aktivn\u00edm komunit\u00e1m.<\/strong> Nab\u00edz\u00edme:<\/span><\/p><ul><li style=\"font-weight: 400;\" aria-level=\"1\"><b>Vypracov\u00e1n\u00ed <\/b><a href=\"https:\/\/www.enerkom-plzensko.cz\/index.php\/energeticke-koncepce\/\"><b>M\u00edstn\u00ed energetick\u00e9 koncepce<\/b><\/a><span style=\"font-weight: 400;\"> (praxe s mal\u00fdmi i st\u0159edn\u00edmi obcemi)<\/span><\/li><li style=\"font-weight: 400;\" aria-level=\"1\"><span style=\"font-weight: 400;\">P\u0159\u00edpravu na <\/span><a href=\"https:\/\/www.enerkom-plzensko.cz\/index.php\/renovacni-pasy\/\"><b>renova\u010dn\u00ed pasy<\/b> <\/a><span style=\"font-weight: 400;\">(o\u010dek\u00e1van\u00e9 ve 2. \u010dtvrtlet\u00ed 2026)<\/span><\/li><li aria-level=\"1\"><a href=\"https:\/\/www.google.com\/url?q=https:\/\/www.enerkom-plzensko.cz\/index.php\/energeticke-poradenstvi\/&amp;sa=D&amp;source=docs&amp;ust=1769371579816816&amp;usg=AOvVaw011LpmVcoXhHJuKEnRBOxI\">Poradenstv\u00ed pro ob\u010dany<\/a><\/li><li style=\"font-weight: 400;\" aria-level=\"1\"><span style=\"font-weight: 400;\">Podporu p\u0159i nastavov\u00e1n\u00ed pravidel a proces\u016f pro <\/span><b>sd\u00edlen\u00ed elekt\u0159iny<\/b><\/li><li style=\"font-weight: 400;\" aria-level=\"1\"><span style=\"font-weight: 400;\">A douf\u00e1me, \u017ee brzy budeme moci<\/span><b> spolupracovat i s Krajskou energetickou agenturou Plze\u0148sk\u00e9ho kraje<\/b><span style=\"font-weight: 400;\">, kter\u00e1 by m\u011bla vzniknout.<\/span><\/li><\/ul><h3><span style=\"font-weight: 400;\">Ozv\u011bte se n\u00e1m:\u00a0<\/span><\/h3><ul><li style=\"font-weight: 400;\" aria-level=\"1\"><a href=\"https:\/\/www.enerkom-plzensko.cz\/index.php\/kontakt\/\"><span style=\"font-weight: 400;\">Kontakt<\/span><\/a><\/li><\/ul>\t\t\t\t\t\t\t\t<\/div>\n\t\t\t\t<\/div>\n\t\t\t\t<\/div>\n\t\t\t\t<\/div>\n\t\t\t\t<\/div>\n\t\t\t\t\t<\/div>\n\t\t\t\t<\/div>\n\t\t\t\t<\/div>\n\t\t","protected":false},"excerpt":{"rendered":"<p>Komunitn\u00ed energetika se bude v budoucnu l\u00e1mat v jedn\u00e9 v\u011bci: jestli um\u00ed p\u0159in\u00e9st m\u011b\u0159iteln\u00fd p\u0159\u00ednos obci a jej\u00edm obyvatel\u016fm. V ENERKOM Plze\u0148sko proto sb\u00edr\u00e1me zku\u0161enosti z re\u00e1ln\u00e9ho provozu v energetick\u00e9m spole\u010denstv\u00ed ve Zb\u016fchu. A co jsme zjistili? Do\u010dtete se v \u010dl\u00e1nku.<\/p>\n","protected":false},"author":2,"featured_media":1830,"comment_status":"closed","ping_status":"open","sticky":false,"template":"elementor_header_footer","format":"standard","meta":{"inline_featured_image":false,"footnotes":""},"categories":[10,6],"tags":[],"class_list":["post-1829","post","type-post","status-publish","format-standard","has-post-thumbnail","hentry","category-projekty","category-sdileni-elektriny"],"_links":{"self":[{"href":"https:\/\/www.enerkom-plzensko.cz\/index.php\/wp-json\/wp\/v2\/posts\/1829","targetHints":{"allow":["GET"]}}],"collection":[{"href":"https:\/\/www.enerkom-plzensko.cz\/index.php\/wp-json\/wp\/v2\/posts"}],"about":[{"href":"https:\/\/www.enerkom-plzensko.cz\/index.php\/wp-json\/wp\/v2\/types\/post"}],"author":[{"embeddable":true,"href":"https:\/\/www.enerkom-plzensko.cz\/index.php\/wp-json\/wp\/v2\/users\/2"}],"replies":[{"embeddable":true,"href":"https:\/\/www.enerkom-plzensko.cz\/index.php\/wp-json\/wp\/v2\/comments?post=1829"}],"version-history":[{"count":11,"href":"https:\/\/www.enerkom-plzensko.cz\/index.php\/wp-json\/wp\/v2\/posts\/1829\/revisions"}],"predecessor-version":[{"id":1844,"href":"https:\/\/www.enerkom-plzensko.cz\/index.php\/wp-json\/wp\/v2\/posts\/1829\/revisions\/1844"}],"wp:featuredmedia":[{"embeddable":true,"href":"https:\/\/www.enerkom-plzensko.cz\/index.php\/wp-json\/wp\/v2\/media\/1830"}],"wp:attachment":[{"href":"https:\/\/www.enerkom-plzensko.cz\/index.php\/wp-json\/wp\/v2\/media?parent=1829"}],"wp:term":[{"taxonomy":"category","embeddable":true,"href":"https:\/\/www.enerkom-plzensko.cz\/index.php\/wp-json\/wp\/v2\/categories?post=1829"},{"taxonomy":"post_tag","embeddable":true,"href":"https:\/\/www.enerkom-plzensko.cz\/index.php\/wp-json\/wp\/v2\/tags?post=1829"}],"curies":[{"name":"wp","href":"https:\/\/api.w.org\/{rel}","templated":true}]}}