{"id":1847,"date":"2026-02-09T20:41:10","date_gmt":"2026-02-09T19:41:10","guid":{"rendered":"https:\/\/www.enerkom-plzensko.cz\/?p=1847"},"modified":"2026-02-09T20:43:59","modified_gmt":"2026-02-09T19:43:59","slug":"komplexni-renovace-bytovych-domu-komunitni-vytapeni-a-realita-svj","status":"publish","type":"post","link":"https:\/\/www.enerkom-plzensko.cz\/index.php\/2026\/02\/09\/komplexni-renovace-bytovych-domu-komunitni-vytapeni-a-realita-svj\/","title":{"rendered":"Komplexn\u00ed renovace bytov\u00fdch dom\u016f, komunitn\u00ed vyt\u00e1p\u011bn\u00ed a realita SVJ"},"content":{"rendered":"\t\t<div data-elementor-type=\"wp-post\" data-elementor-id=\"1847\" class=\"elementor elementor-1847\" data-elementor-settings=\"{&quot;element_pack_global_tooltip_width&quot;:{&quot;unit&quot;:&quot;px&quot;,&quot;size&quot;:&quot;&quot;,&quot;sizes&quot;:[]},&quot;element_pack_global_tooltip_width_tablet&quot;:{&quot;unit&quot;:&quot;px&quot;,&quot;size&quot;:&quot;&quot;,&quot;sizes&quot;:[]},&quot;element_pack_global_tooltip_width_mobile&quot;:{&quot;unit&quot;:&quot;px&quot;,&quot;size&quot;:&quot;&quot;,&quot;sizes&quot;:[]},&quot;element_pack_global_tooltip_padding&quot;:{&quot;unit&quot;:&quot;px&quot;,&quot;top&quot;:&quot;&quot;,&quot;right&quot;:&quot;&quot;,&quot;bottom&quot;:&quot;&quot;,&quot;left&quot;:&quot;&quot;,&quot;isLinked&quot;:true},&quot;element_pack_global_tooltip_padding_tablet&quot;:{&quot;unit&quot;:&quot;px&quot;,&quot;top&quot;:&quot;&quot;,&quot;right&quot;:&quot;&quot;,&quot;bottom&quot;:&quot;&quot;,&quot;left&quot;:&quot;&quot;,&quot;isLinked&quot;:true},&quot;element_pack_global_tooltip_padding_mobile&quot;:{&quot;unit&quot;:&quot;px&quot;,&quot;top&quot;:&quot;&quot;,&quot;right&quot;:&quot;&quot;,&quot;bottom&quot;:&quot;&quot;,&quot;left&quot;:&quot;&quot;,&quot;isLinked&quot;:true},&quot;element_pack_global_tooltip_border_radius&quot;:{&quot;unit&quot;:&quot;px&quot;,&quot;top&quot;:&quot;&quot;,&quot;right&quot;:&quot;&quot;,&quot;bottom&quot;:&quot;&quot;,&quot;left&quot;:&quot;&quot;,&quot;isLinked&quot;:true},&quot;element_pack_global_tooltip_border_radius_tablet&quot;:{&quot;unit&quot;:&quot;px&quot;,&quot;top&quot;:&quot;&quot;,&quot;right&quot;:&quot;&quot;,&quot;bottom&quot;:&quot;&quot;,&quot;left&quot;:&quot;&quot;,&quot;isLinked&quot;:true},&quot;element_pack_global_tooltip_border_radius_mobile&quot;:{&quot;unit&quot;:&quot;px&quot;,&quot;top&quot;:&quot;&quot;,&quot;right&quot;:&quot;&quot;,&quot;bottom&quot;:&quot;&quot;,&quot;left&quot;:&quot;&quot;,&quot;isLinked&quot;:true}}\" data-elementor-post-type=\"post\">\n\t\t\t\t<div class=\"elementor-element elementor-element-2fc606f2 e-flex e-con-boxed e-con e-parent\" data-id=\"2fc606f2\" data-element_type=\"container\" data-e-type=\"container\">\n\t\t\t\t\t<div class=\"e-con-inner\">\n\t\t<div class=\"elementor-element elementor-element-38ba574 e-con-full e-flex e-con e-child\" data-id=\"38ba574\" data-element_type=\"container\" data-e-type=\"container\">\n\t\t<div class=\"elementor-element elementor-element-66b9466 e-con-full e-flex e-con e-child\" data-id=\"66b9466\" data-element_type=\"container\" data-e-type=\"container\">\n\t\t\t\t<div class=\"elementor-element elementor-element-41b7993 elementor-widget elementor-widget-theme-post-title elementor-page-title elementor-widget-heading\" data-id=\"41b7993\" data-element_type=\"widget\" data-e-type=\"widget\" data-widget_type=\"theme-post-title.default\">\n\t\t\t\t<div class=\"elementor-widget-container\">\n\t\t\t\t\t<h1 class=\"elementor-heading-title elementor-size-default\">Komplexn\u00ed renovace bytov\u00fdch dom\u016f, komunitn\u00ed vyt\u00e1p\u011bn\u00ed a realita SVJ<\/h1>\t\t\t\t<\/div>\n\t\t\t\t<\/div>\n\t\t\t\t<div class=\"elementor-element elementor-element-0e1e63b elementor-widget elementor-widget-image\" data-id=\"0e1e63b\" data-element_type=\"widget\" data-e-type=\"widget\" data-widget_type=\"image.default\">\n\t\t\t\t<div class=\"elementor-widget-container\">\n\t\t\t\t\t\t\t\t\t\t\t\t\t\t\t<img decoding=\"async\" width=\"88\" height=\"6\" src=\"https:\/\/www.enerkom-plzensko.cz\/wp-content\/uploads\/2025\/08\/gfx_nadpis-3.png\" class=\"attachment-large size-large wp-image-297\" alt=\"\" \/>\t\t\t\t\t\t\t\t\t\t\t\t\t\t\t<\/div>\n\t\t\t\t<\/div>\n\t\t\t\t<\/div>\n\t\t<div class=\"elementor-element elementor-element-3629977 e-con-full e-flex e-con e-child\" data-id=\"3629977\" data-element_type=\"container\" data-e-type=\"container\">\n\t\t<div class=\"elementor-element elementor-element-cd72835 e-con-full e-flex e-con e-child\" data-id=\"cd72835\" data-element_type=\"container\" data-e-type=\"container\">\n\t\t\t\t<div class=\"elementor-element elementor-element-b2931e8 elementor-widget elementor-widget-text-editor\" data-id=\"b2931e8\" data-element_type=\"widget\" data-e-type=\"widget\" data-widget_type=\"text-editor.default\">\n\t\t\t\t<div class=\"elementor-widget-container\">\n\t\t\t\t\t\t\t\t\t<p><strong>Debata o energetick\u00fdch \u00faspor\u00e1ch a dekarbonizaci bytov\u00fdch dom\u016f se \u010dasto zadrhne na detailech \u2013 od barvy fas\u00e1dy a\u017e po (opr\u00e1vn\u011bn\u00e9) obavy z vysok\u00fdch n\u00e1klad\u016f. O to cenn\u011bj\u0161\u00ed byla odborn\u00e1 diskuse, kter\u00e1 prob\u011bhla 5. 2. 2026 v CAMP v Praze a nab\u00eddla konkr\u00e9tn\u00ed zku\u0161enosti z praxe, \u010d\u00edsla i postupy, jak na energetickou renovaci bytov\u00fdch dom\u016f krok za krokem, kterou jsem za ENERKOM Plze\u0148sko m\u011bla tu \u010dest facilitovat.<\/strong><\/p>\t\t\t\t\t\t\t\t<\/div>\n\t\t\t\t<\/div>\n\t\t\t\t<\/div>\n\t\t<div class=\"elementor-element elementor-element-0ae9ef1 e-con-full e-flex e-con e-child\" data-id=\"0ae9ef1\" data-element_type=\"container\" data-e-type=\"container\">\n\t\t\t\t<div class=\"elementor-element elementor-element-8b7194b elementor-widget__width-initial elementor-widget elementor-widget-image\" data-id=\"8b7194b\" data-element_type=\"widget\" data-e-type=\"widget\" data-widget_type=\"image.default\">\n\t\t\t\t<div class=\"elementor-widget-container\">\n\t\t\t\t\t\t\t\t\t\t\t\t\t\t\t<img fetchpriority=\"high\" decoding=\"async\" width=\"1152\" height=\"1536\" src=\"https:\/\/www.enerkom-plzensko.cz\/wp-content\/uploads\/2026\/02\/kulaty-stul2-1152x1536.jpg\" class=\"attachment-1536x1536 size-1536x1536 wp-image-1850\" alt=\"Na kulat\u00e9m stole bylo plno.\" \/>\t\t\t\t\t\t\t\t\t\t\t\t\t\t\t<\/div>\n\t\t\t\t<\/div>\n\t\t\t\t<div class=\"elementor-element elementor-element-75197aa elementor-widget elementor-widget-text-editor\" data-id=\"75197aa\" data-element_type=\"widget\" data-e-type=\"widget\" data-widget_type=\"text-editor.default\">\n\t\t\t\t<div class=\"elementor-widget-container\">\n\t\t\t\t\t\t\t\t\t<h2><span style=\"font-weight: 400;\">P\u0159eh\u0159\u00edv\u00e1n\u00ed budov: probl\u00e9m, kter\u00fd za\u010d\u00edn\u00e1 u architektury<\/span><\/h2><p><span style=\"font-weight: 400;\">Architekt <\/span><b>Martin Stark, kter\u00fd se v\u011bnuje energetick\u00fdch \u00faspor\u00e1m,<\/b><span style=\"font-weight: 400;\"> upozornil mj. na \u010dasto podce\u0148ovan\u00e9 riziko: <\/span><b>p\u0159eh\u0159\u00edv\u00e1n\u00ed vnit\u0159n\u00edho prost\u0159ed\u00ed<\/b><span style=\"font-weight: 400;\">. To se dnes <\/span><b>nej\u010dast\u011bji \u0159e\u0161\u00ed st\u00edn\u011bn\u00edm<\/b><span style=\"font-weight: 400;\">, ide\u00e1ln\u011b u\u017e ve f\u00e1zi n\u00e1vrhu \u2013 a dob\u0159e navr\u017een\u00e9 st\u00ednic\u00ed prvky mohou b\u00fdt <\/span><b>plnohodnotn\u00fdm architektonick\u00fdm a v\u00fdtvarn\u00fdm prvkem<\/b><span style=\"font-weight: 400;\">.<\/span><\/p><p><strong>Dal\u0161\u00ed kl\u00ed\u010dov\u00e9 my\u0161lenky zazn\u011bly jasn\u011b:<\/strong><\/p><ul><li style=\"font-weight: 400;\" aria-level=\"1\"><span style=\"font-weight: 400;\">Nejd\u0159\u00edv sni\u017eujeme energetickou n\u00e1ro\u010dnost, a\u017e potom \u0159e\u0161\u00edme technologie na v\u00fdrobu elekt\u0159iny a tepla.\u00a0<\/span><\/li><li style=\"font-weight: 400;\" aria-level=\"1\"><span style=\"font-weight: 400;\">Nejv\u011bt\u0161\u00ed dlouhodob\u00fd smysl d\u00e1vaj\u00ed komplexn\u00ed renovace, tedy kombinace r\u016fzn\u00fdch energetick\u00fdch opat\u0159en\u00ed od zateplen\u00ed, p\u0159es v\u00fdm\u011bnu oken a\u017e instalaci vlastn\u00edch tepeln\u00fdch zdroj\u016f \u010di zdroj\u016f elekt\u0159iny.<\/span><\/li><\/ul><h2><span style=\"font-weight: 400;\">Komplexn\u00ed renovace d\u00e1v\u00e1 v\u011bt\u0161\u00ed smysl ne\u017e d\u00edl\u010d\u00ed kroky<\/span><\/h2><p><span style=\"font-weight: 400;\">Komplexn\u00ed renovace p\u0159edstavil architekt <\/span><b>Martin Stark <\/b><span style=\"font-weight: 400;\">a jeho poznatky z praxe jsou n\u00e1sleduj\u00edc\u00ed:<\/span><\/p><ul><li style=\"font-weight: 400;\" aria-level=\"1\"><span style=\"font-weight: 400;\">komplexn\u00ed renovace <\/span><b>\u010dasto vych\u00e1z\u00ed finan\u010dn\u011b podobn\u011b jako \u010d\u00e1ste\u010dn\u00e1<\/b><span style=\"font-weight: 400;\">,<\/span><\/li><li style=\"font-weight: 400;\" aria-level=\"1\"><span style=\"font-weight: 400;\">ale p\u0159in\u00e1\u0161\u00ed <\/span><b>n\u00e1sobn\u011b vy\u0161\u0161\u00ed energetick\u00e9 i komfortn\u00ed p\u0159\u00ednosy<\/b><span style=\"font-weight: 400;\">,<\/span><\/li><li style=\"font-weight: 400;\" aria-level=\"1\"><span style=\"font-weight: 400;\">v\u00edce opat\u0159en\u00ed znamen\u00e1 <\/span><b>vy\u0161\u0161\u00ed dota\u010dn\u00ed podporu<\/b><span style=\"font-weight: 400;\">.<\/span><\/li><\/ul><p><span style=\"font-weight: 400;\">Renovace ob\u00e1lky budovy sice tvo\u0159\u00ed zhruba <\/span><b>t\u0159etinu celkov\u00fdch n\u00e1klad\u016f<\/b><span style=\"font-weight: 400;\">, ale bez n\u00ed nelze efektivn\u011b:<\/span><\/p><ul><li style=\"font-weight: 400;\" aria-level=\"1\"><span style=\"font-weight: 400;\">sn\u00ed\u017eit spot\u0159ebu tepla,<\/span><\/li><li style=\"font-weight: 400;\" aria-level=\"1\"><span style=\"font-weight: 400;\">ani rozumn\u011b dimenzovat obnoviteln\u00e9 zdroje.<\/span><\/li><\/ul><p><span style=\"font-weight: 400;\">Zaj\u00edmav\u00fd post\u0159eh z praxe SVJ:<\/span><\/p><ul><li style=\"font-weight: 400;\" aria-level=\"1\"><b>Lid\u00e9 \u010dasto nev\u011bd\u00ed, co cht\u011bj\u00ed<\/b><span style=\"font-weight: 400;\"> \u2013 proto je kl\u00ed\u010dov\u00e9 p\u0159ipravit <\/span><b>n\u011bkolik variant \u0159e\u0161en\u00ed<\/b><span style=\"font-weight: 400;\">, v\u010detn\u011b porovn\u00e1n\u00ed s variantou \u201eneud\u011bl\u00e1me nic\u201c.<\/span><\/li><\/ul>\t\t\t\t\t\t\t\t<\/div>\n\t\t\t\t<\/div>\n\t\t\t\t<div class=\"elementor-element elementor-element-bf73a19 elementor-widget__width-initial elementor-widget elementor-widget-image\" data-id=\"bf73a19\" data-element_type=\"widget\" data-e-type=\"widget\" data-widget_type=\"image.default\">\n\t\t\t\t<div class=\"elementor-widget-container\">\n\t\t\t\t\t\t\t\t\t\t\t\t\t\t\t<img decoding=\"async\" width=\"1236\" height=\"698\" src=\"https:\/\/www.enerkom-plzensko.cz\/wp-content\/uploads\/2026\/02\/dotace-Stark.png\" class=\"attachment-1536x1536 size-1536x1536 wp-image-1849\" alt=\"Varianty \u00faspor p\u0159i renovaci bytov\u00fdch dom\u016f.\" srcset=\"https:\/\/www.enerkom-plzensko.cz\/wp-content\/uploads\/2026\/02\/dotace-Stark.png 1236w, https:\/\/www.enerkom-plzensko.cz\/wp-content\/uploads\/2026\/02\/dotace-Stark-300x169.png 300w, https:\/\/www.enerkom-plzensko.cz\/wp-content\/uploads\/2026\/02\/dotace-Stark-1024x578.png 1024w, https:\/\/www.enerkom-plzensko.cz\/wp-content\/uploads\/2026\/02\/dotace-Stark-768x434.png 768w\" sizes=\"(max-width: 1236px) 100vw, 1236px\" \/>\t\t\t\t\t\t\t\t\t\t\t\t\t\t\t<\/div>\n\t\t\t\t<\/div>\n\t\t\t\t<div class=\"elementor-element elementor-element-1091f15 elementor-widget elementor-widget-text-editor\" data-id=\"1091f15\" data-element_type=\"widget\" data-e-type=\"widget\" data-widget_type=\"text-editor.default\">\n\t\t\t\t<div class=\"elementor-widget-container\">\n\t\t\t\t\t\t\t\t\t<h2><span style=\"font-weight: 400;\">Komunitn\u00ed vyt\u00e1p\u011bn\u00ed a inspirace z Rakouska<\/span><\/h2><p><span style=\"font-weight: 400;\">Z\u00e1stupci projektu <\/span><a href=\"https:\/\/www.svn.cz\/heatcoop\" target=\"_blank\" rel=\"noopener\"><b>HeatCOOP<\/b><\/a><span style=\"font-weight: 400;\"> Kate\u0159ina Eklov\u00e1 (<\/span><a href=\"https:\/\/www.rethinkarchitecture.cz\/\" target=\"_blank\" rel=\"noopener\"><span style=\"font-weight: 400;\">Rethink Architecture<\/span><\/a><span style=\"font-weight: 400;\">) V\u00e1clav \u0160ebek (<\/span><a href=\"https:\/\/www.svn.cz\/cs\" target=\"_blank\" rel=\"noopener\"><span style=\"font-weight: 400;\">SEVEn<\/span><\/a><span style=\"font-weight: 400;\">)\u00a0 p\u0159ibl\u00ed\u017eili cestu ke <\/span><b>komunitn\u00edmu vyt\u00e1p\u011bn\u00ed v bytov\u00fdch domech<\/b><span style=\"font-weight: 400;\">, inspirovanou Rakouskem a V\u00eddn\u00ed, kde je dru\u017estevn\u00ed vlastnictv\u00ed b\u011b\u017enou realitou. A p\u0159edstavili i stru\u010dnou p\u0159\u00edru\u010dku, jak k tomu p\u0159istoupit v praxi:<\/span><\/p><ol><li style=\"font-weight: 400;\" aria-level=\"1\"><span style=\"font-weight: 400;\"><strong>Oslovte konzultanta nebo dodavatelskou firmu<\/strong> pro posouzen\u00ed mo\u017enost\u00ed. \u00davodn\u00ed konzultace jsou zpravidla zdarma.<\/span><\/li><li style=\"font-weight: 400;\" aria-level=\"1\"><span style=\"font-weight: 400;\"><strong>Oslovte aktivn\u00ed sousedy<\/strong> a z\u00edskejte tak prvn\u00ed podporovatele my\u0161lenky.<\/span><\/li><li style=\"font-weight: 400;\" aria-level=\"1\"><span style=\"font-weight: 400;\"><strong>Zajist\u011bte prohl\u00eddku domu<\/strong> &#8211; konzultant \u010di dodavatelsk\u00e1 firma na prohl\u00eddce prov\u011b\u0159\u00ed mo\u017enosti um\u00edst\u011bn\u00ed zdroj\u016f vyt\u00e1p\u011bn\u00ed a veden\u00ed instalac\u00ed.<\/span><\/li><li style=\"font-weight: 400;\" aria-level=\"1\"><span style=\"font-weight: 400;\"><strong>Nechte si vypracovat aspo\u0148 3 nab\u00eddky technicko-ekonomick\u00e9 studie.<\/strong> Mus\u00edte sice oslovit v\u00edce firem, ale do budoucna se v\u00e1m to ur\u010dit\u011b vyplat\u00ed.\u00a0<\/span><\/li><li style=\"font-weight: 400;\" aria-level=\"1\"><span style=\"font-weight: 400;\"><strong>Prov\u011b\u0159te mo\u017enosti financov\u00e1n\u00ed<\/strong> &#8211; v \u00favahu p\u0159ich\u00e1zej\u00ed vlastn\u00ed zdroje, p\u016fj\u010dky od \u010dlen\u016f, \u00fav\u011bry \u010di dotace.<\/span><\/li><li style=\"font-weight: 400;\" aria-level=\"1\"><span style=\"font-weight: 400;\"><strong>Z\u00edskejte souhlas SVJ \u010di dru\u017estva.<\/strong> Pokud souhlas nez\u00edsk\u00e1te, nevzd\u00e1vejte to a za rok dva to zkuste znovu.<\/span><\/li><li style=\"font-weight: 400;\" aria-level=\"1\"><span style=\"font-weight: 400;\"><strong>Instalace<\/strong> &#8211; informujte o n\u00ed s p\u0159edstihem v\u0161echny v dom\u011b, kontroluje stavbu a rychle reagujte na zm\u011bny na stavb\u011b.<\/span><\/li><li style=\"font-weight: 400;\" aria-level=\"1\"><span style=\"font-weight: 400;\"><strong>Spu\u0161t\u011bn\u00ed provozu<\/strong> &#8211; Nezapome\u0148te na testovac\u00ed provoz v p\u0159edstihu p\u0159ed n\u00e1stupem chladn\u00fdch dn\u00ed, aby bylo mo\u017en\u00e9 v\u0161e doladit.<\/span><\/li><\/ol><p><span style=\"font-weight: 400;\">\u00a0<\/span><\/p><p><span style=\"font-weight: 400;\">St\u00e1hn\u011bte si celou <a href=\"https:\/\/www.enerkom-plzensko.cz\/wp-content\/uploads\/2026\/02\/HeatCOOP-Prirucka-sdileni-tepelne-energie-2026.pdf\">P\u0159\u00edru\u010dku sd\u00edlen\u00ed tepeln\u00e9 energie<\/a> projektu HeatCOOP z d\u00edlny <a href=\"https:\/\/www.rethinkarchitecture.cz\/\" target=\"_blank\" rel=\"noopener\">RethinkArchitecture<\/a> a <a href=\"https:\/\/www.svn.cz\/cs\" target=\"_blank\" rel=\"noopener\">SEVEn<\/a>.<\/span><\/p>\t\t\t\t\t\t\t\t<\/div>\n\t\t\t\t<\/div>\n\t\t\t\t<div class=\"elementor-element elementor-element-6de8489 elementor-widget elementor-widget-button\" data-id=\"6de8489\" data-element_type=\"widget\" data-e-type=\"widget\" data-widget_type=\"button.default\">\n\t\t\t\t<div class=\"elementor-widget-container\">\n\t\t\t\t\t\t\t\t\t<div class=\"elementor-button-wrapper\">\n\t\t\t\t\t<a class=\"elementor-button elementor-button-link elementor-size-sm\" href=\"https:\/\/www.enerkom-plzensko.cz\/wp-content\/uploads\/2026\/02\/HeatCOOP-Prirucka-sdileni-tepelne-energie-2026.pdf\">\n\t\t\t\t\t\t<span class=\"elementor-button-content-wrapper\">\n\t\t\t\t\t\t\t\t\t<span class=\"elementor-button-text\">St\u00e1hn\u011bte si p\u0159\u00edru\u010dku<\/span>\n\t\t\t\t\t<\/span>\n\t\t\t\t\t<\/a>\n\t\t\t\t<\/div>\n\t\t\t\t\t\t\t\t<\/div>\n\t\t\t\t<\/div>\n\t\t\t\t<div class=\"elementor-element elementor-element-f9c1252 elementor-widget__width-initial elementor-widget elementor-widget-image\" data-id=\"f9c1252\" data-element_type=\"widget\" data-e-type=\"widget\" data-widget_type=\"image.default\">\n\t\t\t\t<div class=\"elementor-widget-container\">\n\t\t\t\t\t\t\t\t\t\t\t\t\t\t\t<img loading=\"lazy\" decoding=\"async\" width=\"1536\" height=\"1174\" src=\"https:\/\/www.enerkom-plzensko.cz\/wp-content\/uploads\/2026\/02\/kulaty-stul1-1536x1174.jpg\" class=\"attachment-1536x1536 size-1536x1536 wp-image-1852\" alt=\"Kate\u0159ina Eklov\u00e1 a V\u00e1clav \u0160ebek.\" srcset=\"https:\/\/www.enerkom-plzensko.cz\/wp-content\/uploads\/2026\/02\/kulaty-stul1-1536x1174.jpg 1536w, https:\/\/www.enerkom-plzensko.cz\/wp-content\/uploads\/2026\/02\/kulaty-stul1-300x229.jpg 300w, https:\/\/www.enerkom-plzensko.cz\/wp-content\/uploads\/2026\/02\/kulaty-stul1-1024x783.jpg 1024w, https:\/\/www.enerkom-plzensko.cz\/wp-content\/uploads\/2026\/02\/kulaty-stul1-768x587.jpg 768w, https:\/\/www.enerkom-plzensko.cz\/wp-content\/uploads\/2026\/02\/kulaty-stul1-2048x1566.jpg 2048w\" sizes=\"(max-width: 1536px) 100vw, 1536px\" \/>\t\t\t\t\t\t\t\t\t\t\t\t\t\t\t<\/div>\n\t\t\t\t<\/div>\n\t\t\t\t<div class=\"elementor-element elementor-element-bc01257 elementor-widget elementor-widget-text-editor\" data-id=\"bc01257\" data-element_type=\"widget\" data-e-type=\"widget\" data-widget_type=\"text-editor.default\">\n\t\t\t\t<div class=\"elementor-widget-container\">\n\t\t\t\t\t\t\t\t\t<h2><span style=\"font-weight: 400;\">P\u0159\u00edpadov\u00e1 studie: bytov\u00fd d\u016fm ve Slan\u00e9m<\/span><\/h2><p><b>\u0160\u00e1rka Pavlov\u00e1<\/b><span style=\"font-weight: 400;\"> p\u0159edsedkyn\u011b SVJ ve m\u011bst\u011b Slan\u00fd prezentovala p\u0159\u00edpadovou studii konkr\u00e9tn\u00edho bytov\u00e9ho domu ve Slan\u00e9m. Jeho obyvatele v dob\u011b energetick\u00e9 krize postihlo prudk\u00e9 zdra\u017een\u00ed energi\u00ed a v roce 2022 se proto rozhodli investovat do tepeln\u00e9ho \u010derpadla.<\/span><\/p><p><b>Kl\u00ed\u010dov\u00e9 parametry projektu:<\/b><\/p><ul><li style=\"font-weight: 400;\" aria-level=\"1\"><span style=\"font-weight: 400;\">Instalace <\/span><b>tepeln\u00e9ho \u010derpadla<\/b><span style=\"font-weight: 400;\"> bylo pom\u011brn\u011b obt\u00ed\u017en\u00e9, proto\u017ee z 10 osloven\u00fdch firem pouze 2 m\u011bly zku\u0161enosti s realizac\u00ed na bytov\u00fdch domech. Nakonec ale byli velmi spokojeni s firmou <\/span><a href=\"https:\/\/www.ac-heating.cz\/\" target=\"_blank\" rel=\"noopener\"><span style=\"font-weight: 400;\">AC Heating<\/span><\/a><span style=\"font-weight: 400;\">.<\/span><\/li><li style=\"font-weight: 400;\" aria-level=\"1\"><span style=\"font-weight: 400;\">Slo\u017eit\u00e9 vyjedn\u00e1v\u00e1n\u00ed s tepl\u00e1rnou (dlouh\u00e9 v\u00fdpov\u011bdn\u00ed lh\u016fty) kv\u016fli odpojen\u00ed od CZT, kter\u00e9 ale nakonec dob\u0159e dopadlo.<\/span><\/li><li style=\"font-weight: 400;\" aria-level=\"1\"><span style=\"font-weight: 400;\">Od roku 2025 i FVE na st\u0159e\u0161e s bateri\u00ed pro pokryt\u00ed spot\u0159eby tepeln\u00e9ho \u010derpadla.\u00a0<\/span><\/li><li style=\"font-weight: 400;\" aria-level=\"1\"><span style=\"font-weight: 400;\">Celkov\u00e9 n\u00e1klady:<\/span><b> 2,65 mil. K\u010d<\/b><span style=\"font-weight: 400;\">,<\/span><\/li><li style=\"font-weight: 400;\" aria-level=\"1\"><span style=\"font-weight: 400;\">Dotace: <\/span><b>486 tis. K\u010d<\/b><span style=\"font-weight: 400;\">,<\/span><\/li><li style=\"font-weight: 400;\" aria-level=\"1\"><span style=\"font-weight: 400;\">N\u00e1vratnost: <\/span><b>cca 16,5 roku<\/b><span style=\"font-weight: 400;\">,<\/span><\/li><li style=\"font-weight: 400;\" aria-level=\"1\"><span style=\"font-weight: 400;\">Financov\u00e1n\u00ed z \u00fav\u011bru (1 mil. K\u010d) a fondu oprav \u2013 <\/span><b>bez nutnosti mimo\u0159\u00e1dn\u00fdch vklad\u016f obyvatel<\/b><span style=\"font-weight: 400;\">.<\/span><\/li><\/ul><h2><span style=\"font-weight: 400;\">Elekt\u0159ina (i teplo) od souseda<\/span><\/h2><p><span style=\"font-weight: 400;\">Na z\u00e1v\u011br vystoupil <strong>Ji\u0159\u00ed Krist, p\u0159edseda ENERKOM Opavsko<\/strong>, kter\u00fd debatu o bytov\u00fdch domech zasadil do konceptu <strong>komunitn\u00ed energetiky<\/strong>. P\u0159\u00edtomn\u00fdm z\u00e1stupc\u016fm SVJ i bytov\u00fdch dru\u017estev uk\u00e1zal, \u017ee se v \u00favah\u00e1ch nad energetikou bytov\u00e9ho domu nemus\u00ed omezovat jen na n\u011bj, ale zv\u00e1\u017eit dal\u0161\u00ed mo\u017enosti a t\u0159eba hledat, zda v bl\u00edzkosti nep\u016fsob\u00ed energetick\u00e1 komunita, se kterou by se mohl d\u016fm spojit a je\u0161t\u011b l\u00e9pe vyrobenou energii vyu\u017e\u00edvat pro sv\u00e9 pot\u0159eby.<\/span><\/p>\t\t\t\t\t\t\t\t<\/div>\n\t\t\t\t<\/div>\n\t\t\t\t<div class=\"elementor-element elementor-element-55ed0ce elementor-widget__width-initial elementor-widget elementor-widget-image\" data-id=\"55ed0ce\" data-element_type=\"widget\" data-e-type=\"widget\" data-widget_type=\"image.default\">\n\t\t\t\t<div class=\"elementor-widget-container\">\n\t\t\t\t\t\t\t\t\t\t\t\t\t\t\t<img loading=\"lazy\" decoding=\"async\" width=\"2048\" height=\"1600\" src=\"https:\/\/www.enerkom-plzensko.cz\/wp-content\/uploads\/2026\/02\/kulaty-stul-2048x1600.jpg\" class=\"attachment-2048x2048 size-2048x2048 wp-image-1851\" alt=\"Osazenstvo kulat\u00e9ho stolu.\" srcset=\"https:\/\/www.enerkom-plzensko.cz\/wp-content\/uploads\/2026\/02\/kulaty-stul-2048x1600.jpg 2048w, https:\/\/www.enerkom-plzensko.cz\/wp-content\/uploads\/2026\/02\/kulaty-stul-300x234.jpg 300w, https:\/\/www.enerkom-plzensko.cz\/wp-content\/uploads\/2026\/02\/kulaty-stul-1024x800.jpg 1024w, https:\/\/www.enerkom-plzensko.cz\/wp-content\/uploads\/2026\/02\/kulaty-stul-768x600.jpg 768w, https:\/\/www.enerkom-plzensko.cz\/wp-content\/uploads\/2026\/02\/kulaty-stul-1536x1200.jpg 1536w\" sizes=\"(max-width: 2048px) 100vw, 2048px\" \/>\t\t\t\t\t\t\t\t\t\t\t\t\t\t\t<\/div>\n\t\t\t\t<\/div>\n\t\t\t\t<div class=\"elementor-element elementor-element-a462224 elementor-widget elementor-widget-text-editor\" data-id=\"a462224\" data-element_type=\"widget\" data-e-type=\"widget\" data-widget_type=\"text-editor.default\">\n\t\t\t\t<div class=\"elementor-widget-container\">\n\t\t\t\t\t\t\t\t\t<h2 style=\"line-height: 1.38; margin-top: 12pt; margin-bottom: 12pt;\"><span style=\"font-size: 13.999999999999998pt; font-family: Arial,sans-serif; color: #434343; background-color: transparent; font-weight: 400; font-style: normal; font-variant: normal; text-decoration: none; vertical-align: baseline; white-space: pre-wrap;\">Co jsme si z debaty odnesli?<\/span><\/h2><ul style=\"margin-top: 0; margin-bottom: 0; padding-inline-start: 48px;\"><li dir=\"ltr\" style=\"list-style-type: disc; font-size: 11pt; font-family: Arial, sans-serif; color: #000000; font-variant-numeric: normal; font-variant-east-asian: normal; font-variant-alternates: normal; font-variant-position: normal; font-variant-emoji: normal; white-space: pre;\" aria-level=\"1\"><p dir=\"ltr\" style=\"line-height: 1.38; margin-top: 0pt; margin-bottom: 0pt;\" role=\"presentation\"><span style=\"font-size: 11pt; background-color: transparent; font-variant-numeric: normal; font-variant-east-asian: normal; font-variant-alternates: normal; font-variant-position: normal; font-variant-emoji: normal; vertical-align: baseline; text-wrap-mode: wrap;\">Energetick\u00e1 transformace dom\u016f nen\u00ed o jednom opat\u0159en\u00ed.<\/span><\/p><\/li><li dir=\"ltr\" style=\"list-style-type: disc; font-size: 11pt; font-family: Arial, sans-serif; color: #000000; font-variant-numeric: normal; font-variant-east-asian: normal; font-variant-alternates: normal; font-variant-position: normal; font-variant-emoji: normal; white-space: pre;\" aria-level=\"1\"><p dir=\"ltr\" style=\"line-height: 1.38; margin-top: 0pt; margin-bottom: 0pt;\" role=\"presentation\"><span style=\"font-size: 11pt; background-color: transparent; font-variant-numeric: normal; font-variant-east-asian: normal; font-variant-alternates: normal; font-variant-position: normal; font-variant-emoji: normal; vertical-align: baseline; text-wrap-mode: wrap;\">Nejv\u011bt\u0161\u00ed smysl d\u00e1v\u00e1 promy\u0161len\u00fd, komplexn\u00ed p\u0159\u00edstup.<\/span><\/p><\/li><li dir=\"ltr\" style=\"list-style-type: disc; font-size: 11pt; font-family: Arial, sans-serif; color: #000000; font-variant-numeric: normal; font-variant-east-asian: normal; font-variant-alternates: normal; font-variant-position: normal; font-variant-emoji: normal; white-space: pre;\" aria-level=\"1\"><p dir=\"ltr\" style=\"line-height: 1.38; margin-top: 0pt; margin-bottom: 0pt;\" role=\"presentation\"><span style=\"font-size: 11pt; background-color: transparent; font-variant-numeric: normal; font-variant-east-asian: normal; font-variant-alternates: normal; font-variant-position: normal; font-variant-emoji: normal; vertical-align: baseline; text-wrap-mode: wrap;\">Dotace umo\u017e\u0148uj\u00ed projekty, kter\u00e9 by jinak nevznikly.<\/span><\/p><\/li><li dir=\"ltr\" style=\"list-style-type: disc; font-size: 11pt; font-family: Arial, sans-serif; color: #000000; font-variant-numeric: normal; font-variant-east-asian: normal; font-variant-alternates: normal; font-variant-position: normal; font-variant-emoji: normal; white-space: pre;\" aria-level=\"1\"><p dir=\"ltr\" style=\"line-height: 1.38; margin-top: 0pt; margin-bottom: 0pt;\" role=\"presentation\"><span style=\"font-size: 11pt; background-color: transparent; font-variant-numeric: normal; font-variant-east-asian: normal; font-variant-alternates: normal; font-variant-position: normal; font-variant-emoji: normal; vertical-align: baseline; text-wrap-mode: wrap;\">A bez kvalitn\u00ed facilitace a srozumiteln\u00e9 komunikace se SVJ se proces \u010dasto zasekne.<\/span><span style=\"font-size: 11pt; background-color: transparent; font-variant-numeric: normal; font-variant-east-asian: normal; font-variant-alternates: normal; font-variant-position: normal; font-variant-emoji: normal; vertical-align: baseline; text-wrap-mode: wrap;\"><br \/><br \/><\/span><\/p><\/li><\/ul><p dir=\"ltr\" style=\"line-height: 1.38; margin-top: 0pt; margin-bottom: 0pt;\"><span style=\"font-size: 11pt; font-family: Arial, sans-serif; color: #000000; background-color: transparent; font-variant-numeric: normal; font-variant-east-asian: normal; font-variant-alternates: normal; font-variant-position: normal; font-variant-emoji: normal; vertical-align: baseline; white-space-collapse: preserve;\">Pr\u00e1v\u011b proto m\u00e1 smysl propojovat architekty, techniky, energetick\u00e9 odborn\u00edky i energetick\u00e1 spole\u010denstv\u00ed \u2013 a posouvat \u0159e\u0161en\u00ed z debat do reality.\u00a0<\/span><\/p><p dir=\"ltr\" style=\"line-height: 1.38; margin-top: 12pt; margin-bottom: 12pt;\"><span style=\"font-size: 11pt; font-family: Arial, sans-serif; color: #000000; background-color: transparent; font-weight: bold; font-variant-numeric: normal; font-variant-east-asian: normal; font-variant-alternates: normal; font-variant-position: normal; font-variant-emoji: normal; vertical-align: baseline; white-space-collapse: preserve;\">Autorka: Andrea Kubern\u00e1tov\u00e1, p\u0159edsedkyn\u011b ENERKOM Plze\u0148sko<\/span><\/p><div><span style=\"font-size: 11pt; font-family: Arial, sans-serif; color: #000000; background-color: transparent; font-weight: bold; font-variant-numeric: normal; font-variant-east-asian: normal; font-variant-alternates: normal; font-variant-position: normal; font-variant-emoji: normal; vertical-align: baseline; white-space-collapse: preserve;\">\u00a0<\/span><\/div>\t\t\t\t\t\t\t\t<\/div>\n\t\t\t\t<\/div>\n\t\t\t\t<\/div>\n\t\t\t\t<\/div>\n\t\t\t\t<\/div>\n\t\t\t\t\t<\/div>\n\t\t\t\t<\/div>\n\t\t\t\t<\/div>\n\t\t","protected":false},"excerpt":{"rendered":"<p>P\u0159e\u010dt\u011bte si pozn\u00e1mky na\u0161\u00ed p\u0159edsedkyn\u011b Andrey Kubern\u00e1tov\u00e9 z debaty o renovac\u00edch bytov\u00fdch dom\u016f, kterou facilitovala v pra\u017esk\u00e9m CAMPu.<\/p>\n","protected":false},"author":2,"featured_media":1852,"comment_status":"closed","ping_status":"open","sticky":false,"template":"elementor_header_footer","format":"standard","meta":{"inline_featured_image":false,"footnotes":""},"categories":[10,6],"tags":[],"class_list":["post-1847","post","type-post","status-publish","format-standard","has-post-thumbnail","hentry","category-projekty","category-sdileni-elektriny"],"_links":{"self":[{"href":"https:\/\/www.enerkom-plzensko.cz\/index.php\/wp-json\/wp\/v2\/posts\/1847","targetHints":{"allow":["GET"]}}],"collection":[{"href":"https:\/\/www.enerkom-plzensko.cz\/index.php\/wp-json\/wp\/v2\/posts"}],"about":[{"href":"https:\/\/www.enerkom-plzensko.cz\/index.php\/wp-json\/wp\/v2\/types\/post"}],"author":[{"embeddable":true,"href":"https:\/\/www.enerkom-plzensko.cz\/index.php\/wp-json\/wp\/v2\/users\/2"}],"replies":[{"embeddable":true,"href":"https:\/\/www.enerkom-plzensko.cz\/index.php\/wp-json\/wp\/v2\/comments?post=1847"}],"version-history":[{"count":21,"href":"https:\/\/www.enerkom-plzensko.cz\/index.php\/wp-json\/wp\/v2\/posts\/1847\/revisions"}],"predecessor-version":[{"id":1873,"href":"https:\/\/www.enerkom-plzensko.cz\/index.php\/wp-json\/wp\/v2\/posts\/1847\/revisions\/1873"}],"wp:featuredmedia":[{"embeddable":true,"href":"https:\/\/www.enerkom-plzensko.cz\/index.php\/wp-json\/wp\/v2\/media\/1852"}],"wp:attachment":[{"href":"https:\/\/www.enerkom-plzensko.cz\/index.php\/wp-json\/wp\/v2\/media?parent=1847"}],"wp:term":[{"taxonomy":"category","embeddable":true,"href":"https:\/\/www.enerkom-plzensko.cz\/index.php\/wp-json\/wp\/v2\/categories?post=1847"},{"taxonomy":"post_tag","embeddable":true,"href":"https:\/\/www.enerkom-plzensko.cz\/index.php\/wp-json\/wp\/v2\/tags?post=1847"}],"curies":[{"name":"wp","href":"https:\/\/api.w.org\/{rel}","templated":true}]}}