{"id":339,"date":"2025-08-06T10:09:56","date_gmt":"2025-08-06T08:09:56","guid":{"rendered":"https:\/\/www.enerkom-plzensko.cz\/?p=339"},"modified":"2025-08-27T09:53:02","modified_gmt":"2025-08-27T07:53:02","slug":"sdileni-elektriny-v-bytovem-dome-v-praxi","status":"publish","type":"post","link":"https:\/\/www.enerkom-plzensko.cz\/index.php\/2025\/08\/06\/sdileni-elektriny-v-bytovem-dome-v-praxi\/","title":{"rendered":"Sd\u00edlen\u00ed elekt\u0159iny v bytov\u00e9m dom\u011b v praxi"},"content":{"rendered":"\t\t<div data-elementor-type=\"wp-post\" data-elementor-id=\"339\" class=\"elementor elementor-339\" data-elementor-settings=\"{&quot;element_pack_global_tooltip_width&quot;:{&quot;unit&quot;:&quot;px&quot;,&quot;size&quot;:&quot;&quot;,&quot;sizes&quot;:[]},&quot;element_pack_global_tooltip_width_tablet&quot;:{&quot;unit&quot;:&quot;px&quot;,&quot;size&quot;:&quot;&quot;,&quot;sizes&quot;:[]},&quot;element_pack_global_tooltip_width_mobile&quot;:{&quot;unit&quot;:&quot;px&quot;,&quot;size&quot;:&quot;&quot;,&quot;sizes&quot;:[]},&quot;element_pack_global_tooltip_padding&quot;:{&quot;unit&quot;:&quot;px&quot;,&quot;top&quot;:&quot;&quot;,&quot;right&quot;:&quot;&quot;,&quot;bottom&quot;:&quot;&quot;,&quot;left&quot;:&quot;&quot;,&quot;isLinked&quot;:true},&quot;element_pack_global_tooltip_padding_tablet&quot;:{&quot;unit&quot;:&quot;px&quot;,&quot;top&quot;:&quot;&quot;,&quot;right&quot;:&quot;&quot;,&quot;bottom&quot;:&quot;&quot;,&quot;left&quot;:&quot;&quot;,&quot;isLinked&quot;:true},&quot;element_pack_global_tooltip_padding_mobile&quot;:{&quot;unit&quot;:&quot;px&quot;,&quot;top&quot;:&quot;&quot;,&quot;right&quot;:&quot;&quot;,&quot;bottom&quot;:&quot;&quot;,&quot;left&quot;:&quot;&quot;,&quot;isLinked&quot;:true},&quot;element_pack_global_tooltip_border_radius&quot;:{&quot;unit&quot;:&quot;px&quot;,&quot;top&quot;:&quot;&quot;,&quot;right&quot;:&quot;&quot;,&quot;bottom&quot;:&quot;&quot;,&quot;left&quot;:&quot;&quot;,&quot;isLinked&quot;:true},&quot;element_pack_global_tooltip_border_radius_tablet&quot;:{&quot;unit&quot;:&quot;px&quot;,&quot;top&quot;:&quot;&quot;,&quot;right&quot;:&quot;&quot;,&quot;bottom&quot;:&quot;&quot;,&quot;left&quot;:&quot;&quot;,&quot;isLinked&quot;:true},&quot;element_pack_global_tooltip_border_radius_mobile&quot;:{&quot;unit&quot;:&quot;px&quot;,&quot;top&quot;:&quot;&quot;,&quot;right&quot;:&quot;&quot;,&quot;bottom&quot;:&quot;&quot;,&quot;left&quot;:&quot;&quot;,&quot;isLinked&quot;:true}}\" data-elementor-post-type=\"post\">\n\t\t\t\t<div class=\"elementor-element elementor-element-2fc606f2 e-flex e-con-boxed e-con e-parent\" data-id=\"2fc606f2\" data-element_type=\"container\" data-e-type=\"container\">\n\t\t\t\t\t<div class=\"e-con-inner\">\n\t\t<div class=\"elementor-element elementor-element-38ba574 e-con-full e-flex e-con e-child\" data-id=\"38ba574\" data-element_type=\"container\" data-e-type=\"container\">\n\t\t<div class=\"elementor-element elementor-element-66b9466 e-con-full e-flex e-con e-child\" data-id=\"66b9466\" data-element_type=\"container\" data-e-type=\"container\">\n\t\t\t\t<div class=\"elementor-element elementor-element-41b7993 elementor-widget elementor-widget-theme-post-title elementor-page-title elementor-widget-heading\" data-id=\"41b7993\" data-element_type=\"widget\" data-e-type=\"widget\" data-widget_type=\"theme-post-title.default\">\n\t\t\t\t<div class=\"elementor-widget-container\">\n\t\t\t\t\t<h1 class=\"elementor-heading-title elementor-size-default\">Sd\u00edlen\u00ed elekt\u0159iny v bytov\u00e9m dom\u011b v praxi<\/h1>\t\t\t\t<\/div>\n\t\t\t\t<\/div>\n\t\t\t\t<div class=\"elementor-element elementor-element-ed53379 elementor-widget elementor-widget-image\" data-id=\"ed53379\" data-element_type=\"widget\" data-e-type=\"widget\" data-widget_type=\"image.default\">\n\t\t\t\t<div class=\"elementor-widget-container\">\n\t\t\t\t\t\t\t\t\t\t\t\t\t\t\t<img decoding=\"async\" width=\"88\" height=\"6\" src=\"https:\/\/www.enerkom-plzensko.cz\/wp-content\/uploads\/2025\/08\/gfx_nadpis-3.png\" class=\"attachment-large size-large wp-image-297\" alt=\"\" \/>\t\t\t\t\t\t\t\t\t\t\t\t\t\t\t<\/div>\n\t\t\t\t<\/div>\n\t\t\t\t<\/div>\n\t\t<div class=\"elementor-element elementor-element-3629977 e-con-full e-flex e-con e-child\" data-id=\"3629977\" data-element_type=\"container\" data-e-type=\"container\">\n\t\t<div class=\"elementor-element elementor-element-cd72835 e-con-full e-flex e-con e-child\" data-id=\"cd72835\" data-element_type=\"container\" data-e-type=\"container\">\n\t\t\t\t<div class=\"elementor-element elementor-element-b2931e8 elementor-widget elementor-widget-text-editor\" data-id=\"b2931e8\" data-element_type=\"widget\" data-e-type=\"widget\" data-widget_type=\"text-editor.default\">\n\t\t\t\t<div class=\"elementor-widget-container\">\n\t\t\t\t\t\t\t\t\t<p>Od roku 2023 spolupracujeme s majitelem bytov\u00e9ho domu na projektu sd\u00edlen\u00ed elekt\u0159iny, jeho\u017e c\u00edlem je spravedliv\u011b rozd\u011blit a roz\u00fa\u010dtovat vyprodukovanou energii mezi jednotliv\u00fdmi byty. Tento proces v\u0161ak nebyl bez v\u00fdzev, museli jsme \u010delit \u0159ad\u011b probl\u00e9m\u016f, abychom dos\u00e1hli stanoven\u00fdch c\u00edl\u016f.<\/p><p>V roce 2023 byla pod\u00e1na \u017e\u00e1dost o dotaci z programu <a href=\"https:\/\/novazelenausporam.cz\/bytove-domy\/\" target=\"_blank\" rel=\"noopener\">Nov\u00e1 zelen\u00e1 \u00faspor\u00e1m<\/a> na \u0159\u00edzen\u00ed fotovoltaiky pro bytov\u00fd d\u016fm v Plzni. Nakonec byly na st\u0159echu domu\u00a0 instalov\u00e1ny fotovoltaick\u00e9 panely o celkov\u00e9m v\u00fdkonu 18,7 kWp, dopln\u011bn\u00e9 o baterii s kapacitou 28,8 kWh. Tato technologie umo\u017e\u0148uje rozd\u011blovat vyprodukovanou elekt\u0159inu mezi 12 byt\u016f.\u00a0<\/p><p>D\u016fm p\u0159ibli\u017en\u011b p\u0159ed 6 lety pro\u0161el kompletn\u00ed rekonstrukc\u00ed a nyn\u00ed funguje v\u00fdhradn\u011b na elekt\u0159inu. Vyt\u00e1p\u011bn\u00ed zaji\u0161\u0165uj\u00ed stropn\u00ed infrapanely a oh\u0159ev tepl\u00e9 vody individu\u00e1ln\u00ed bojlery v ka\u017ed\u00e9m byt\u011b.<\/p>\t\t\t\t\t\t\t\t<\/div>\n\t\t\t\t<\/div>\n\t\t\t\t<\/div>\n\t\t<div class=\"elementor-element elementor-element-0ae9ef1 e-con-full e-flex e-con e-child\" data-id=\"0ae9ef1\" data-element_type=\"container\" data-e-type=\"container\">\n\t\t\t\t<div class=\"elementor-element elementor-element-8b7194b elementor-widget elementor-widget-image\" data-id=\"8b7194b\" data-element_type=\"widget\" data-e-type=\"widget\" data-widget_type=\"image.default\">\n\t\t\t\t<div class=\"elementor-widget-container\">\n\t\t\t\t\t\t\t\t\t\t\t\t\t\t\t\t<a href=\"https:\/\/www.enerkom-plzensko.cz\/wp-content\/uploads\/2025\/08\/sdileni-elektriny-1.jpg\" data-elementor-open-lightbox=\"yes\" data-elementor-lightbox-title=\"sdileni-elektriny---1\" data-e-action-hash=\"#elementor-action%3Aaction%3Dlightbox%26settings%3DeyJpZCI6MzQyLCJ1cmwiOiJodHRwczpcL1wvd3d3LmVuZXJrb20tcGx6ZW5za28uY3pcL3dwLWNvbnRlbnRcL3VwbG9hZHNcLzIwMjVcLzA4XC9zZGlsZW5pLWVsZWt0cmlueS0xLmpwZyJ9\">\n\t\t\t\t\t\t\t<img fetchpriority=\"high\" decoding=\"async\" width=\"472\" height=\"354\" src=\"https:\/\/www.enerkom-plzensko.cz\/wp-content\/uploads\/2025\/08\/sdileni-elektriny-1.jpg\" class=\"attachment-full size-full wp-image-342\" alt=\"\" srcset=\"https:\/\/www.enerkom-plzensko.cz\/wp-content\/uploads\/2025\/08\/sdileni-elektriny-1.jpg 472w, https:\/\/www.enerkom-plzensko.cz\/wp-content\/uploads\/2025\/08\/sdileni-elektriny-1-300x225.jpg 300w\" sizes=\"(max-width: 472px) 100vw, 472px\" \/>\t\t\t\t\t\t\t\t<\/a>\n\t\t\t\t\t\t\t\t\t\t\t\t\t\t\t<\/div>\n\t\t\t\t<\/div>\n\t\t\t\t<\/div>\n\t\t\t\t<\/div>\n\t\t<div class=\"elementor-element elementor-element-ba8905c e-con-full e-flex e-con e-child\" data-id=\"ba8905c\" data-element_type=\"container\" data-e-type=\"container\" data-settings=\"{&quot;background_background&quot;:&quot;classic&quot;}\">\n\t\t<div class=\"elementor-element elementor-element-62d31a9 e-con-full e-flex e-con e-child\" data-id=\"62d31a9\" data-element_type=\"container\" data-e-type=\"container\" data-settings=\"{&quot;background_background&quot;:&quot;classic&quot;}\">\n\t\t\t\t<div class=\"elementor-element elementor-element-75197aa elementor-widget elementor-widget-text-editor\" data-id=\"75197aa\" data-element_type=\"widget\" data-e-type=\"widget\" data-widget_type=\"text-editor.default\">\n\t\t\t\t<div class=\"elementor-widget-container\">\n\t\t\t\t\t\t\t\t\tNa za\u010d\u00e1tku jsme bojovali s n\u011bkolika <strong>z\u00e1sadn\u00edmi p\u0159ek\u00e1\u017ekami<\/strong>:\n<ul>\n \t<li>Proces vy\u0159izov\u00e1n\u00ed dotace pro bytov\u00fd d\u016fm se ne\u010dekan\u011b zdr\u017eel, nicm\u00e9n\u011b jsme ji\u017e pokro\u010dili.<\/li>\n \t<li>Hled\u00e1n\u00ed spravedliv\u00e9ho zp\u016fsobu vy\u00fa\u010dtov\u00e1n\u00ed energie mezi jednotliv\u00fdmi byty.<\/li>\n \t<li>Probl\u00e9m s instalac\u00ed smart metr\u016f a um\u00edst\u011bn\u00edm m\u011b\u0159en\u00ed na hlavn\u00ed elektrickou p\u0159\u00edpojku domu byl dal\u0161\u00edm \u00faskal\u00edm. Po del\u0161\u00edch jedn\u00e1n\u00edch byla i tato p\u0159ek\u00e1\u017eka p\u0159ekon\u00e1na a smart metry byly nainstalov\u00e1ny.<\/li>\n<\/ul>\n<br>\nNavzdory t\u011bmto v\u00fdzv\u00e1m jsme v projektu v\u00fdznamn\u011b pokro\u010dili a v\u011b\u0159\u00edme, \u017ee n\u00e1\u0161 projekt bude slou\u017eit jako p\u0159\u00edklad pro dal\u0161\u00ed bytov\u00e9 domy, kter\u00e9 usiluj\u00ed o sd\u00edlen\u00ed energie a optimalizaci sv\u00fdch energetick\u00fdch n\u00e1klad\u016f.\t\t\t\t\t\t\t\t<\/div>\n\t\t\t\t<\/div>\n\t\t\t\t<\/div>\n\t\t<div class=\"elementor-element elementor-element-9415900 e-con-full e-flex e-con e-child\" data-id=\"9415900\" data-element_type=\"container\" data-e-type=\"container\" data-settings=\"{&quot;background_background&quot;:&quot;classic&quot;}\">\n\t\t\t\t<div class=\"elementor-element elementor-element-71c112a elementor-widget__width-initial elementor-widget elementor-widget-image\" data-id=\"71c112a\" data-element_type=\"widget\" data-e-type=\"widget\" data-widget_type=\"image.default\">\n\t\t\t\t<div class=\"elementor-widget-container\">\n\t\t\t\t\t\t\t\t\t\t\t\t\t\t\t\t<a href=\"https:\/\/www.enerkom-plzensko.cz\/wp-content\/uploads\/2025\/08\/sdileni-elektriny-2.jpg\" data-elementor-open-lightbox=\"yes\" data-elementor-lightbox-title=\"sdileni-elektriny---2\" data-e-action-hash=\"#elementor-action%3Aaction%3Dlightbox%26settings%3DeyJpZCI6MzUwLCJ1cmwiOiJodHRwczpcL1wvd3d3LmVuZXJrb20tcGx6ZW5za28uY3pcL3dwLWNvbnRlbnRcL3VwbG9hZHNcLzIwMjVcLzA4XC9zZGlsZW5pLWVsZWt0cmlueS0yLmpwZyJ9\">\n\t\t\t\t\t\t\t<img decoding=\"async\" width=\"391\" height=\"291\" src=\"https:\/\/www.enerkom-plzensko.cz\/wp-content\/uploads\/2025\/08\/sdileni-elektriny-2.jpg\" class=\"attachment-full size-full wp-image-350\" alt=\"\" srcset=\"https:\/\/www.enerkom-plzensko.cz\/wp-content\/uploads\/2025\/08\/sdileni-elektriny-2.jpg 391w, https:\/\/www.enerkom-plzensko.cz\/wp-content\/uploads\/2025\/08\/sdileni-elektriny-2-300x223.jpg 300w\" sizes=\"(max-width: 391px) 100vw, 391px\" \/>\t\t\t\t\t\t\t\t<\/a>\n\t\t\t\t\t\t\t\t\t\t\t\t\t\t\t<\/div>\n\t\t\t\t<\/div>\n\t\t\t\t<div class=\"elementor-element elementor-element-332e102 elementor-widget__width-initial elementor-widget elementor-widget-image\" data-id=\"332e102\" data-element_type=\"widget\" data-e-type=\"widget\" data-widget_type=\"image.default\">\n\t\t\t\t<div class=\"elementor-widget-container\">\n\t\t\t\t\t\t\t\t\t\t\t\t\t\t\t\t<a href=\"https:\/\/www.enerkom-plzensko.cz\/wp-content\/uploads\/2025\/08\/sdileni-elektriny-3.jpg\" data-elementor-open-lightbox=\"yes\" data-elementor-lightbox-title=\"sdileni-elektriny---3\" data-e-action-hash=\"#elementor-action%3Aaction%3Dlightbox%26settings%3DeyJpZCI6NTQ1LCJ1cmwiOiJodHRwczpcL1wvd3d3LmVuZXJrb20tcGx6ZW5za28uY3pcL3dwLWNvbnRlbnRcL3VwbG9hZHNcLzIwMjVcLzA4XC9zZGlsZW5pLWVsZWt0cmlueS0zLmpwZyJ9\">\n\t\t\t\t\t\t\t<img loading=\"lazy\" decoding=\"async\" width=\"461\" height=\"525\" src=\"https:\/\/www.enerkom-plzensko.cz\/wp-content\/uploads\/2025\/08\/sdileni-elektriny-3.jpg\" class=\"attachment-full size-full wp-image-545\" alt=\"\" srcset=\"https:\/\/www.enerkom-plzensko.cz\/wp-content\/uploads\/2025\/08\/sdileni-elektriny-3.jpg 461w, https:\/\/www.enerkom-plzensko.cz\/wp-content\/uploads\/2025\/08\/sdileni-elektriny-3-263x300.jpg 263w\" sizes=\"(max-width: 461px) 100vw, 461px\" \/>\t\t\t\t\t\t\t\t<\/a>\n\t\t\t\t\t\t\t\t\t\t\t\t\t\t\t<\/div>\n\t\t\t\t<\/div>\n\t\t\t\t<\/div>\n\t\t\t\t<\/div>\n\t\t\t\t<\/div>\n\t\t\t\t\t<\/div>\n\t\t\t\t<\/div>\n\t\t\t\t<\/div>\n\t\t","protected":false},"excerpt":{"rendered":"<p>Od roku 2023 spolupracujeme s majitelem bytov\u00e9ho domu na projektu sd\u00edlen\u00ed elekt\u0159iny, jeho\u017e c\u00edlem je spravedliv\u011b rozd\u011blit a roz\u00fa\u010dtovat vyprodukovanou energii mezi jednotliv\u00fdmi byty&#8230;<\/p>\n","protected":false},"author":1,"featured_media":342,"comment_status":"closed","ping_status":"open","sticky":false,"template":"elementor_header_footer","format":"standard","meta":{"inline_featured_image":false,"footnotes":""},"categories":[10,6],"tags":[],"class_list":["post-339","post","type-post","status-publish","format-standard","has-post-thumbnail","hentry","category-projekty","category-sdileni-elektriny"],"_links":{"self":[{"href":"https:\/\/www.enerkom-plzensko.cz\/index.php\/wp-json\/wp\/v2\/posts\/339","targetHints":{"allow":["GET"]}}],"collection":[{"href":"https:\/\/www.enerkom-plzensko.cz\/index.php\/wp-json\/wp\/v2\/posts"}],"about":[{"href":"https:\/\/www.enerkom-plzensko.cz\/index.php\/wp-json\/wp\/v2\/types\/post"}],"author":[{"embeddable":true,"href":"https:\/\/www.enerkom-plzensko.cz\/index.php\/wp-json\/wp\/v2\/users\/1"}],"replies":[{"embeddable":true,"href":"https:\/\/www.enerkom-plzensko.cz\/index.php\/wp-json\/wp\/v2\/comments?post=339"}],"version-history":[{"count":83,"href":"https:\/\/www.enerkom-plzensko.cz\/index.php\/wp-json\/wp\/v2\/posts\/339\/revisions"}],"predecessor-version":[{"id":1582,"href":"https:\/\/www.enerkom-plzensko.cz\/index.php\/wp-json\/wp\/v2\/posts\/339\/revisions\/1582"}],"wp:featuredmedia":[{"embeddable":true,"href":"https:\/\/www.enerkom-plzensko.cz\/index.php\/wp-json\/wp\/v2\/media\/342"}],"wp:attachment":[{"href":"https:\/\/www.enerkom-plzensko.cz\/index.php\/wp-json\/wp\/v2\/media?parent=339"}],"wp:term":[{"taxonomy":"category","embeddable":true,"href":"https:\/\/www.enerkom-plzensko.cz\/index.php\/wp-json\/wp\/v2\/categories?post=339"},{"taxonomy":"post_tag","embeddable":true,"href":"https:\/\/www.enerkom-plzensko.cz\/index.php\/wp-json\/wp\/v2\/tags?post=339"}],"curies":[{"name":"wp","href":"https:\/\/api.w.org\/{rel}","templated":true}]}}