{"id":371,"date":"2025-08-25T10:48:54","date_gmt":"2025-08-25T08:48:54","guid":{"rendered":"https:\/\/www.enerkom-plzensko.cz\/?p=371"},"modified":"2025-08-27T09:54:19","modified_gmt":"2025-08-27T07:54:19","slug":"za-dobrou-praxi-do-jizniho-tyrolska","status":"publish","type":"post","link":"https:\/\/www.enerkom-plzensko.cz\/index.php\/2025\/08\/25\/za-dobrou-praxi-do-jizniho-tyrolska\/","title":{"rendered":"Za dobrou prax\u00ed do Ji\u017en\u00edho Tyrolska"},"content":{"rendered":"\t\t<div data-elementor-type=\"wp-post\" data-elementor-id=\"371\" class=\"elementor elementor-371\" data-elementor-settings=\"{&quot;element_pack_global_tooltip_width&quot;:{&quot;unit&quot;:&quot;px&quot;,&quot;size&quot;:&quot;&quot;,&quot;sizes&quot;:[]},&quot;element_pack_global_tooltip_width_tablet&quot;:{&quot;unit&quot;:&quot;px&quot;,&quot;size&quot;:&quot;&quot;,&quot;sizes&quot;:[]},&quot;element_pack_global_tooltip_width_mobile&quot;:{&quot;unit&quot;:&quot;px&quot;,&quot;size&quot;:&quot;&quot;,&quot;sizes&quot;:[]},&quot;element_pack_global_tooltip_padding&quot;:{&quot;unit&quot;:&quot;px&quot;,&quot;top&quot;:&quot;&quot;,&quot;right&quot;:&quot;&quot;,&quot;bottom&quot;:&quot;&quot;,&quot;left&quot;:&quot;&quot;,&quot;isLinked&quot;:true},&quot;element_pack_global_tooltip_padding_tablet&quot;:{&quot;unit&quot;:&quot;px&quot;,&quot;top&quot;:&quot;&quot;,&quot;right&quot;:&quot;&quot;,&quot;bottom&quot;:&quot;&quot;,&quot;left&quot;:&quot;&quot;,&quot;isLinked&quot;:true},&quot;element_pack_global_tooltip_padding_mobile&quot;:{&quot;unit&quot;:&quot;px&quot;,&quot;top&quot;:&quot;&quot;,&quot;right&quot;:&quot;&quot;,&quot;bottom&quot;:&quot;&quot;,&quot;left&quot;:&quot;&quot;,&quot;isLinked&quot;:true},&quot;element_pack_global_tooltip_border_radius&quot;:{&quot;unit&quot;:&quot;px&quot;,&quot;top&quot;:&quot;&quot;,&quot;right&quot;:&quot;&quot;,&quot;bottom&quot;:&quot;&quot;,&quot;left&quot;:&quot;&quot;,&quot;isLinked&quot;:true},&quot;element_pack_global_tooltip_border_radius_tablet&quot;:{&quot;unit&quot;:&quot;px&quot;,&quot;top&quot;:&quot;&quot;,&quot;right&quot;:&quot;&quot;,&quot;bottom&quot;:&quot;&quot;,&quot;left&quot;:&quot;&quot;,&quot;isLinked&quot;:true},&quot;element_pack_global_tooltip_border_radius_mobile&quot;:{&quot;unit&quot;:&quot;px&quot;,&quot;top&quot;:&quot;&quot;,&quot;right&quot;:&quot;&quot;,&quot;bottom&quot;:&quot;&quot;,&quot;left&quot;:&quot;&quot;,&quot;isLinked&quot;:true}}\" data-elementor-post-type=\"post\">\n\t\t\t\t<div class=\"elementor-element elementor-element-2fc606f2 e-flex e-con-boxed e-con e-parent\" data-id=\"2fc606f2\" data-element_type=\"container\" data-e-type=\"container\">\n\t\t\t\t\t<div class=\"e-con-inner\">\n\t\t<div class=\"elementor-element elementor-element-38ba574 e-con-full e-flex e-con e-child\" data-id=\"38ba574\" data-element_type=\"container\" data-e-type=\"container\">\n\t\t<div class=\"elementor-element elementor-element-66b9466 e-con-full e-flex e-con e-child\" data-id=\"66b9466\" data-element_type=\"container\" data-e-type=\"container\">\n\t\t\t\t<div class=\"elementor-element elementor-element-41b7993 elementor-widget elementor-widget-theme-post-title elementor-page-title elementor-widget-heading\" data-id=\"41b7993\" data-element_type=\"widget\" data-e-type=\"widget\" data-widget_type=\"theme-post-title.default\">\n\t\t\t\t<div class=\"elementor-widget-container\">\n\t\t\t\t\t<h1 class=\"elementor-heading-title elementor-size-default\">Za dobrou prax\u00ed do Ji\u017en\u00edho Tyrolska<\/h1>\t\t\t\t<\/div>\n\t\t\t\t<\/div>\n\t\t\t\t<div class=\"elementor-element elementor-element-0e1e63b elementor-widget elementor-widget-image\" data-id=\"0e1e63b\" data-element_type=\"widget\" data-e-type=\"widget\" data-widget_type=\"image.default\">\n\t\t\t\t<div class=\"elementor-widget-container\">\n\t\t\t\t\t\t\t\t\t\t\t\t\t\t\t<img decoding=\"async\" width=\"88\" height=\"6\" src=\"https:\/\/www.enerkom-plzensko.cz\/wp-content\/uploads\/2025\/08\/gfx_nadpis-3.png\" class=\"attachment-large size-large wp-image-297\" alt=\"\" \/>\t\t\t\t\t\t\t\t\t\t\t\t\t\t\t<\/div>\n\t\t\t\t<\/div>\n\t\t\t\t<\/div>\n\t\t<div class=\"elementor-element elementor-element-3629977 e-con-full e-flex e-con e-child\" data-id=\"3629977\" data-element_type=\"container\" data-e-type=\"container\">\n\t\t<div class=\"elementor-element elementor-element-cd72835 e-con-full e-flex e-con e-child\" data-id=\"cd72835\" data-element_type=\"container\" data-e-type=\"container\">\n\t\t\t\t<div class=\"elementor-element elementor-element-b2931e8 elementor-widget elementor-widget-text-editor\" data-id=\"b2931e8\" data-element_type=\"widget\" data-e-type=\"widget\" data-widget_type=\"text-editor.default\">\n\t\t\t\t<div class=\"elementor-widget-container\">\n\t\t\t\t\t\t\t\t\t<p><strong>Ve dnech 19.\u201323. kv\u011btna 2025 jsme jako ENERKOM Plze\u0148sko, z.s., uspo\u0159\u00e1dali odbornou exkurzi do Ji\u017en\u00edho Tyrolska, a to pod z\u00e1\u0161titou <a href=\"https:\/\/mze.gov.cz\/public\/portal\/mze\/venkov\/o-celostatni-siti-pro-venkov\" target=\"_blank\" rel=\"noopener\">Celost\u00e1tn\u00ed s\u00edt\u011b pro venkov<\/a>.<\/strong> C\u00edlem exkurze bylo nab\u00eddnout inspiraci a konkr\u00e9tn\u00ed p\u0159\u00edklady dobr\u00e9 praxe pro rozvoj ekologick\u00e9ho zem\u011bd\u011blstv\u00ed, komunitn\u00ed energetiky a modern\u00edho venkovsk\u00e9ho hospoda\u0159en\u00ed. Exkurze se z\u00fa\u010dastnili z\u00e1stupci <a href=\"https:\/\/www.asz.cz\/clanek\/2694\/asz-plzensko\/\" target=\"_blank\" rel=\"noopener\">Asociace soukrom\u00e9ho zem\u011bd\u011blstv\u00ed Plze\u0148sko<\/a>, <a href=\"https:\/\/www.rakjk.cz\/okresni-komory\/okresni-agrarni-komora-ceske-budejovice\" target=\"_blank\" rel=\"noopener\">Agr\u00e1rn\u00ed komory \u010cesk\u00e9 Bud\u011bjovice<\/a> a <a href=\"https:\/\/solarniasociace.cz\/\" target=\"_blank\" rel=\"noopener\">Sol\u00e1rn\u00ed asociace<\/a>, co\u017e umo\u017enilo plodnou v\u00fdm\u011bnu zku\u0161enost\u00ed nap\u0159\u00ed\u010d profesn\u00edmi i tematick\u00fdmi oblastmi.<\/p><p>Program jsme zah\u00e1jili v ji\u017en\u00edch \u010cech\u00e1ch. Prvn\u00ed zast\u00e1vkou byl <a href=\"https:\/\/vladykuvdvur.cz\/\" target=\"_blank\" rel=\"noopener\">Vladyk\u016fv dv\u016fr u \u010cesk\u00fdch Bud\u011bjovic<\/a>, kde se \u00fa\u010dastn\u00edci sezn\u00e1mili <strong>s vyu\u017eit\u00edm animoterapie v soci\u00e1ln\u00edch slu\u017eb\u00e1ch<\/strong> jako n\u00e1strojem podpory zam\u011bstnanosti a soci\u00e1ln\u00edho za\u010dle\u0148ov\u00e1n\u00ed na venkov\u011b. N\u00e1sledovala n\u00e1v\u0161t\u011bva <a href=\"https:\/\/www.zahradavidov.cz\/\" target=\"_blank\" rel=\"noopener\">Zahrady Vidov<\/a> \u2013 rodinn\u00e9ho projektu ekologick\u00e9ho p\u011bstov\u00e1n\u00ed zeleniny s d\u016frazem na p\u0159\u00edm\u00fd prodej a m\u00edstn\u00ed spot\u0159ebu.<\/p>\t\t\t\t\t\t\t\t<\/div>\n\t\t\t\t<\/div>\n\t\t\t\t<\/div>\n\t\t<div class=\"elementor-element elementor-element-0ae9ef1 e-con-full e-flex e-con e-child\" data-id=\"0ae9ef1\" data-element_type=\"container\" data-e-type=\"container\">\n\t\t\t\t<div class=\"elementor-element elementor-element-8b7194b elementor-widget__width-initial elementor-widget elementor-widget-image\" data-id=\"8b7194b\" data-element_type=\"widget\" data-e-type=\"widget\" data-widget_type=\"image.default\">\n\t\t\t\t<div class=\"elementor-widget-container\">\n\t\t\t\t\t\t\t\t\t\t\t\t\t\t\t<img fetchpriority=\"high\" decoding=\"async\" width=\"602\" height=\"325\" src=\"https:\/\/www.enerkom-plzensko.cz\/wp-content\/uploads\/2025\/08\/Za-dobrou-praxi-do-Jizniho-Tyrolska-1.jpg\" class=\"attachment-2048x2048 size-2048x2048 wp-image-629\" alt=\"\" srcset=\"https:\/\/www.enerkom-plzensko.cz\/wp-content\/uploads\/2025\/08\/Za-dobrou-praxi-do-Jizniho-Tyrolska-1.jpg 602w, https:\/\/www.enerkom-plzensko.cz\/wp-content\/uploads\/2025\/08\/Za-dobrou-praxi-do-Jizniho-Tyrolska-1-300x162.jpg 300w\" sizes=\"(max-width: 602px) 100vw, 602px\" \/>\t\t\t\t\t\t\t\t\t\t\t\t\t\t\t<\/div>\n\t\t\t\t<\/div>\n\t\t\t\t<div class=\"elementor-element elementor-element-75197aa elementor-widget elementor-widget-text-editor\" data-id=\"75197aa\" data-element_type=\"widget\" data-e-type=\"widget\" data-widget_type=\"text-editor.default\">\n\t\t\t\t<div class=\"elementor-widget-container\">\n\t\t\t\t\t\t\t\t\t<p>V Rakousku jsme nav\u0161t\u00edvili spole\u010dnost <a href=\"https:\/\/frutura.com\/\" target=\"_blank\" rel=\"noopener\">Frutura Obst &amp; Gem\u00fcse Kompetenzzentrum GmbH<\/a>, kter\u00e1 p\u0159edstavila modern\u00ed model p\u011bstov\u00e1n\u00ed ovoce v kombinaci se sol\u00e1rn\u00edmi technologiemi. Tato zast\u00e1vka jasn\u011b uk\u00e1zala, jak <strong>obnoviteln\u00e9 zdroje mohou p\u0159irozen\u011b fungovat v zem\u011bd\u011blsk\u00e9m prost\u0159ed\u00ed a jak efektivn\u00ed m\u016f\u017ee b\u00fdt propojen\u00ed fotovoltaiky s produkc\u00ed potravin<\/strong>.<\/p>\t\t\t\t\t\t\t\t<\/div>\n\t\t\t\t<\/div>\n\t\t\t\t<div class=\"elementor-element elementor-element-bf73a19 elementor-widget__width-initial elementor-widget elementor-widget-image\" data-id=\"bf73a19\" data-element_type=\"widget\" data-e-type=\"widget\" data-widget_type=\"image.default\">\n\t\t\t\t<div class=\"elementor-widget-container\">\n\t\t\t\t\t\t\t\t\t\t\t\t\t\t\t<img decoding=\"async\" width=\"602\" height=\"451\" src=\"https:\/\/www.enerkom-plzensko.cz\/wp-content\/uploads\/2025\/08\/Za-dobrou-praxi-do-Jizniho-Tyrolska-2.jpg\" class=\"attachment-2048x2048 size-2048x2048 wp-image-628\" alt=\"\" srcset=\"https:\/\/www.enerkom-plzensko.cz\/wp-content\/uploads\/2025\/08\/Za-dobrou-praxi-do-Jizniho-Tyrolska-2.jpg 602w, https:\/\/www.enerkom-plzensko.cz\/wp-content\/uploads\/2025\/08\/Za-dobrou-praxi-do-Jizniho-Tyrolska-2-300x225.jpg 300w\" sizes=\"(max-width: 602px) 100vw, 602px\" \/>\t\t\t\t\t\t\t\t\t\t\t\t\t\t\t<\/div>\n\t\t\t\t<\/div>\n\t\t\t\t<div class=\"elementor-element elementor-element-1091f15 elementor-widget elementor-widget-text-editor\" data-id=\"1091f15\" data-element_type=\"widget\" data-e-type=\"widget\" data-widget_type=\"text-editor.default\">\n\t\t\t\t<div class=\"elementor-widget-container\">\n\t\t\t\t\t\t\t\t\t<p>Druh\u00fd den se nesl v duchu praktick\u00fdch uk\u00e1zek agrovoltaiky \u2013 modern\u00edho konceptu, kter\u00fd umo\u017e\u0148uje soub\u011b\u017en\u00e9 vyu\u017eit\u00ed p\u016fdy pro v\u00fdrobu energie a zem\u011bd\u011blskou produkci. Nav\u0161t\u00edvili jsme v\u00fdrobce mo\u0161t\u016f a cideru Haselberger a farmu Andrease Pertillera, kter\u00e1 p\u0159edvedla, jak lze udr\u017eovat biop\u00e1sy v okol\u00ed sol\u00e1rn\u00edch panel\u016f, a p\u0159itom podpo\u0159it biodiverzitu i energetickou sob\u011bsta\u010dnost. <strong>Pr\u00e1v\u011b tento den p\u0159inesl nejv\u00edce inspirace v oblasti propojen\u00ed zem\u011bd\u011blstv\u00ed a energetiky<\/strong> \u2013 t\u00e9ma, kter\u00e9 \u00fa\u010dastn\u00edky nap\u0159\u00ed\u010d v\u0161emi z\u00fa\u010dastn\u011bn\u00fdmi organizacemi v\u00fdrazn\u011b zaujalo.<\/p><p>Ve v\u00fdzkumn\u00e9m centru <a href=\"https:\/\/www.laimburg.it\/de\/default.asp\" target=\"_blank\" rel=\"noopener\">Versuchszentrum Laimburg<\/a> v Ji\u017en\u00edm Tyrolsku jsme se dozv\u011bd\u011bli o aktu\u00e1ln\u00edch trendech v oblasti inovac\u00ed, kvality potravin a udr\u017eiteln\u00e9ho hospoda\u0159en\u00ed. N\u00e1v\u0161t\u011bva dru\u017estva <a href=\"https:\/\/da.bz.it\/\" target=\"_blank\" rel=\"noopener\">Bio Vinschgau Genossenschaft<\/a> n\u00e1sledn\u011b uk\u00e1zala, jak lze ekologick\u00e9 ovocn\u00e1\u0159stv\u00ed propojit s modern\u00edmi technologiemi a efektivn\u00edm marketingem. Byl to d\u016fkaz, \u017ee ekologick\u00fd p\u0159\u00edstup m\u016f\u017ee b\u00fdt z\u00e1rove\u0148 ekonomicky \u017eivotaschopn\u00fd.<\/p>\t\t\t\t\t\t\t\t<\/div>\n\t\t\t\t<\/div>\n\t\t\t\t<div class=\"elementor-element elementor-element-f9c1252 elementor-widget__width-initial elementor-widget elementor-widget-image\" data-id=\"f9c1252\" data-element_type=\"widget\" data-e-type=\"widget\" data-widget_type=\"image.default\">\n\t\t\t\t<div class=\"elementor-widget-container\">\n\t\t\t\t\t\t\t\t\t\t\t\t\t\t\t<img loading=\"lazy\" decoding=\"async\" width=\"602\" height=\"451\" src=\"https:\/\/www.enerkom-plzensko.cz\/wp-content\/uploads\/2025\/08\/Za-dobrou-praxi-do-Jizniho-Tyrolska-3.jpg\" class=\"attachment-full size-full wp-image-627\" alt=\"\" srcset=\"https:\/\/www.enerkom-plzensko.cz\/wp-content\/uploads\/2025\/08\/Za-dobrou-praxi-do-Jizniho-Tyrolska-3.jpg 602w, https:\/\/www.enerkom-plzensko.cz\/wp-content\/uploads\/2025\/08\/Za-dobrou-praxi-do-Jizniho-Tyrolska-3-300x225.jpg 300w\" sizes=\"(max-width: 602px) 100vw, 602px\" \/>\t\t\t\t\t\t\t\t\t\t\t\t\t\t\t<\/div>\n\t\t\t\t<\/div>\n\t\t\t\t<div class=\"elementor-element elementor-element-bc01257 elementor-widget elementor-widget-text-editor\" data-id=\"bc01257\" data-element_type=\"widget\" data-e-type=\"widget\" data-widget_type=\"text-editor.default\">\n\t\t\t\t<div class=\"elementor-widget-container\">\n\t\t\t\t\t\t\t\t\t<p>T\u0159et\u00ed den jsme se zam\u011b\u0159ili na region\u00e1ln\u00ed potravin\u00e1\u0159stv\u00ed a obnoviteln\u00e9 zdroje. V tradi\u010dn\u00ed alpsk\u00e9 s\u00fdr\u00e1rn\u011b <a href=\"https:\/\/www.biokaeserei-walchsee.com\/\" target=\"_blank\" rel=\"noopener\">Biok\u00e4serei Walchsee<\/a> jsme si prohl\u00e9dli model propojuj\u00edc\u00ed lok\u00e1ln\u00ed produkci s podporou region\u00e1ln\u00ed ekonomiky. N\u00e1sledovala prohl\u00eddka bioplynov\u00e9 stanice Biogasanlage Kaiserwinkl, kde se ukazuje, \u017ee energie z organick\u00fdch zbytk\u016f m\u016f\u017ee efektivn\u011b slou\u017eit cel\u00e9 komunit\u011b.<\/p><p>Z\u00e1v\u011bre\u010dn\u00fd den jsme zah\u00e1jili <strong>setk\u00e1n\u00edm s platformou LEADER<\/strong> \u2013 forum Austria, kde jsme diskutovali o mo\u017enostech podpory komunitn\u00ed energetiky a venkovsk\u00fdch oblast\u00ed z evropsk\u00fdch fond\u016f. Pokra\u010dovali jsme n\u00e1v\u0161t\u011bvou Bio Akademie Seeham, centra vzd\u011bl\u00e1v\u00e1n\u00ed a inovac\u00ed v oblasti ekologick\u00e9ho zem\u011bd\u011blstv\u00ed, a exkurzi jsme zakon\u010dili inspirativn\u00ed zast\u00e1vkou u projektu <a href=\"https:\/\/www.fussballgolf.zone\/\" target=\"_blank\" rel=\"noopener\">Fussballgolf Mattsee<\/a>, kter\u00fd propojuje venkovsk\u00fd turismus s volno\u010dasov\u00fdmi aktivitami a ukazuje, jak lze i mal\u00e9 n\u00e1pady \u00fasp\u011b\u0161n\u011b realizovat.<\/p><p>Exkurze p\u0159inesla bohatou inspiraci zejm\u00e9na v oblasti <strong>agrovoltaiky a synergick\u00e9ho propojen\u00ed zem\u011bd\u011blstv\u00ed s energetikou<\/strong>, kter\u00e9 p\u0159edstavuje z\u00e1sadn\u00ed p\u0159\u00edle\u017eitost pro budouc\u00ed udr\u017eiteln\u00fd rozvoj venkova. V\u0161ichni \u00fa\u010dastn\u00edci si odvezli konkr\u00e9tn\u00ed poznatky, p\u0159\u00edklady funguj\u00edc\u00edch model\u016f a motivaci k realizaci podobn\u00fdch projekt\u016f ve sv\u00fdch regionech.<\/p>\t\t\t\t\t\t\t\t<\/div>\n\t\t\t\t<\/div>\n\t\t\t\t<div class=\"elementor-element elementor-element-55ed0ce elementor-widget__width-initial elementor-widget elementor-widget-image\" data-id=\"55ed0ce\" data-element_type=\"widget\" data-e-type=\"widget\" data-widget_type=\"image.default\">\n\t\t\t\t<div class=\"elementor-widget-container\">\n\t\t\t\t\t\t\t\t\t\t\t\t\t\t\t<img loading=\"lazy\" decoding=\"async\" width=\"602\" height=\"451\" src=\"https:\/\/www.enerkom-plzensko.cz\/wp-content\/uploads\/2025\/08\/Za-dobrou-praxi-do-Jizniho-Tyrolska-4.jpg\" class=\"attachment-full size-full wp-image-626\" alt=\"\" srcset=\"https:\/\/www.enerkom-plzensko.cz\/wp-content\/uploads\/2025\/08\/Za-dobrou-praxi-do-Jizniho-Tyrolska-4.jpg 602w, https:\/\/www.enerkom-plzensko.cz\/wp-content\/uploads\/2025\/08\/Za-dobrou-praxi-do-Jizniho-Tyrolska-4-300x225.jpg 300w\" sizes=\"(max-width: 602px) 100vw, 602px\" \/>\t\t\t\t\t\t\t\t\t\t\t\t\t\t\t<\/div>\n\t\t\t\t<\/div>\n\t\t\t\t<div class=\"elementor-element elementor-element-a462224 elementor-widget elementor-widget-text-editor\" data-id=\"a462224\" data-element_type=\"widget\" data-e-type=\"widget\" data-widget_type=\"text-editor.default\">\n\t\t\t\t<div class=\"elementor-widget-container\">\n\t\t\t\t\t\t\t\t\t<ul><li>Inspiraci \u010derp\u00e1me i \u201edoma\u201d. Pod\u00edvejte se na z\u00e1\u017eitky z exkurze <a href=\"https:\/\/www.enerkom-plzensko.cz\/poradane-akce-za-dobrou-praxi-do-cech-a-ana-slovensko\/\">Za dobrou prax\u00ed do \u010cech a na Slovensko<\/a><\/li><\/ul>\t\t\t\t\t\t\t\t<\/div>\n\t\t\t\t<\/div>\n\t\t\t\t<\/div>\n\t\t\t\t<div class=\"elementor-element elementor-element-3cb0c2c elementor-widget__width-initial elementor-widget elementor-widget-image\" data-id=\"3cb0c2c\" data-element_type=\"widget\" data-e-type=\"widget\" data-widget_type=\"image.default\">\n\t\t\t\t<div class=\"elementor-widget-container\">\n\t\t\t\t\t\t\t\t\t\t\t\t\t\t\t<img loading=\"lazy\" decoding=\"async\" width=\"602\" height=\"451\" src=\"https:\/\/www.enerkom-plzensko.cz\/wp-content\/uploads\/2025\/08\/Za-dobrou-praxi-do-Jizniho-Tyrolska-5.jpg\" class=\"attachment-full size-full wp-image-625\" alt=\"\" srcset=\"https:\/\/www.enerkom-plzensko.cz\/wp-content\/uploads\/2025\/08\/Za-dobrou-praxi-do-Jizniho-Tyrolska-5.jpg 602w, https:\/\/www.enerkom-plzensko.cz\/wp-content\/uploads\/2025\/08\/Za-dobrou-praxi-do-Jizniho-Tyrolska-5-300x225.jpg 300w\" sizes=\"(max-width: 602px) 100vw, 602px\" \/>\t\t\t\t\t\t\t\t\t\t\t\t\t\t\t<\/div>\n\t\t\t\t<\/div>\n\t\t\t\t<\/div>\n\t\t\t\t<\/div>\n\t\t\t\t\t<\/div>\n\t\t\t\t<\/div>\n\t\t\t\t<\/div>\n\t\t","protected":false},"excerpt":{"rendered":"<p>Ve dnech 19.\u201323. kv\u011btna 2025 jsme jako ENERKOM Plze\u0148sko, z.s., uspo\u0159\u00e1dali odbornou exkurzi do Ji\u017en\u00edho Tyrolska, a to pod z\u00e1\u0161titou Celost\u00e1tn\u00ed s\u00edt\u011b pro venkov.<\/p>\n","protected":false},"author":1,"featured_media":1524,"comment_status":"closed","ping_status":"open","sticky":false,"template":"elementor_header_footer","format":"standard","meta":{"inline_featured_image":false,"footnotes":""},"categories":[7,10],"tags":[],"class_list":["post-371","post","type-post","status-publish","format-standard","has-post-thumbnail","hentry","category-akce","category-projekty"],"_links":{"self":[{"href":"https:\/\/www.enerkom-plzensko.cz\/index.php\/wp-json\/wp\/v2\/posts\/371","targetHints":{"allow":["GET"]}}],"collection":[{"href":"https:\/\/www.enerkom-plzensko.cz\/index.php\/wp-json\/wp\/v2\/posts"}],"about":[{"href":"https:\/\/www.enerkom-plzensko.cz\/index.php\/wp-json\/wp\/v2\/types\/post"}],"author":[{"embeddable":true,"href":"https:\/\/www.enerkom-plzensko.cz\/index.php\/wp-json\/wp\/v2\/users\/1"}],"replies":[{"embeddable":true,"href":"https:\/\/www.enerkom-plzensko.cz\/index.php\/wp-json\/wp\/v2\/comments?post=371"}],"version-history":[{"count":47,"href":"https:\/\/www.enerkom-plzensko.cz\/index.php\/wp-json\/wp\/v2\/posts\/371\/revisions"}],"predecessor-version":[{"id":1588,"href":"https:\/\/www.enerkom-plzensko.cz\/index.php\/wp-json\/wp\/v2\/posts\/371\/revisions\/1588"}],"wp:featuredmedia":[{"embeddable":true,"href":"https:\/\/www.enerkom-plzensko.cz\/index.php\/wp-json\/wp\/v2\/media\/1524"}],"wp:attachment":[{"href":"https:\/\/www.enerkom-plzensko.cz\/index.php\/wp-json\/wp\/v2\/media?parent=371"}],"wp:term":[{"taxonomy":"category","embeddable":true,"href":"https:\/\/www.enerkom-plzensko.cz\/index.php\/wp-json\/wp\/v2\/categories?post=371"},{"taxonomy":"post_tag","embeddable":true,"href":"https:\/\/www.enerkom-plzensko.cz\/index.php\/wp-json\/wp\/v2\/tags?post=371"}],"curies":[{"name":"wp","href":"https:\/\/api.w.org\/{rel}","templated":true}]}}